{"id":6978,"date":"2025-12-11T11:09:47","date_gmt":"2025-12-11T10:09:47","guid":{"rendered":"https:\/\/clusteraudiovisualmadrid.es\/?p=6978"},"modified":"2026-01-16T11:12:40","modified_gmt":"2026-01-16T10:12:40","slug":"cluster-audiovisual-madrid-european-clusters-conference-2025","status":"publish","type":"post","link":"https:\/\/clusteraudiovisualmadrid.es\/en\/cluster-audiovisual-madrid-european-clusters-conference-2025\/","title":{"rendered":"The Madrid Audiovisual Cluster participates in the European Clusters Conference 2025"},"content":{"rendered":"\n<p><strong>On 10 and 11 December<\/strong>, the Madrid Audiovisual Cluster participated in the <strong>European Clusters Conference 2025<\/strong>, organised by the European Clusters Alliance, which brought together <strong>more than 100 representatives of the European cluster ecosystem in Madrid<\/strong>.<\/p>\n\n\n\n<p>The meeting brought together cluster associations, sectoral organisations, representatives of the <strong>European Commission<\/strong>, as well as national, regional and international agents, consortia and other key players, with the aim of <strong>analysing the challenges and needs of the cluster ecosystem in Europe<\/strong>, sharing good practices and highlighting the collective achievements of recent years.<\/p>\n\n\n\n<p>The Madrid Audiovisual Cluster would like to express its special thanks to <strong>Antonio Novo<\/strong> and the <strong>European Clusters Alliance<\/strong> for choosing <strong>Madrid as the venue for this edition<\/strong>, reinforcing the region&#8217;s position as a strategic <strong>hub for innovation, collaboration and industrial development at European level.<\/strong><\/p>\n\n\n\n<p>During the conference, the director of the Madrid Audiovisual Cluster participated in the programme as <strong>moderator of a panel dedicated to Transition Pathways<\/strong>, one of the priority areas of European industrial policy. The panel included <strong>Thomas R\u00f6hr<\/strong>, Secretary General of the European Automotive Cluster Network (EACN); <strong>Ram\u00f3n Garc\u00eda<\/strong>, Director General of CITET \u2013 Centre for Innovation in Logistics and Freight Transport; and <strong>Jorge L\u00f3pez Conde<\/strong>, Deployment Chief Manager of the European Clusters Alliance \u2013 The New European Bauhaus.<\/p>\n\n\n\n<p>This space for dialogue provided an opportunity to discuss how clusters are supporting industries in <strong>their green, digital and social<\/strong> <strong>transition processes<\/strong>, as well as their key role in implementing European strategies that <a href=\"https:\/\/clusteraudiovisualmadrid.es\/en\/strategic-points\/\" target=\"_blank\" rel=\"noreferrer noopener\">promote competitiveness, innovation and sustainability.<\/a><\/p>\n\n\n\n<p>The participation of the Madrid Audiovisual Cluster in the European Clusters Conference 2025 reinforces its commitment <strong>to international cooperation, shared learning and <a href=\"https:\/\/clusteraudiovisualmadrid.es\/en\/all-about-madrid\/\" target=\"_blank\" rel=\"noreferrer noopener\">the integration of Madrid&#8217;s audiovisual sector<\/a> into major European industrial development strategies.<\/strong><\/p>\n\n\n\n<figure class=\"wp-block-image size-large\"><img fetchpriority=\"high\" decoding=\"async\" width=\"1024\" height=\"600\" src=\"https:\/\/clusteraudiovisualmadrid.es\/wp-content\/uploads\/2026\/01\/European-Cluster-Alliance-1-1024x600.jpg\" alt=\"\" class=\"wp-image-6963\" srcset=\"https:\/\/clusteraudiovisualmadrid.es\/wp-content\/uploads\/2026\/01\/European-Cluster-Alliance-1-1024x600.jpg 1024w, https:\/\/clusteraudiovisualmadrid.es\/wp-content\/uploads\/2026\/01\/European-Cluster-Alliance-1-300x176.jpg 300w, https:\/\/clusteraudiovisualmadrid.es\/wp-content\/uploads\/2026\/01\/European-Cluster-Alliance-1-768x450.jpg 768w, https:\/\/clusteraudiovisualmadrid.es\/wp-content\/uploads\/2026\/01\/European-Cluster-Alliance-1-1536x899.jpg 1536w, https:\/\/clusteraudiovisualmadrid.es\/wp-content\/uploads\/2026\/01\/European-Cluster-Alliance-1.jpg 2048w\" sizes=\"(max-width: 1024px) 100vw, 1024px\" \/><figcaption class=\"wp-element-caption\">From left to right: <strong>Jorge L\u00f3pez Conde<\/strong>, Deployment Chief Manager of the European Clusters Alliance \u2013 The New European Bauhaus. <strong>Ram\u00f3n Garc\u00eda<\/strong>, Managing Director of CITET. <strong>Teresa Azcona<\/strong>, Managing Director of the Madrid Audiovisual Cluster, and <strong>Thomas R\u00f6hr<\/strong>, Secretary General of the European Automotive Cluster Network.<\/figcaption><\/figure>\n\n\n\n<p><\/p>\n","protected":false},"excerpt":{"rendered":"<p>The Madrid Audiovisual Cluster participated in the European Clusters Conference 2025, a meeting that brought together more than 100 representatives from the cluster ecosystem.<\/p>\n","protected":false},"author":4,"featured_media":6961,"comment_status":"closed","ping_status":"closed","sticky":false,"template":"","format":"standard","meta":{"footnotes":""},"categories":[17],"tags":[],"class_list":["post-6978","post","type-post","status-publish","format-standard","has-post-thumbnail","hentry","category-news"],"yoast_head":"<!-- This site is optimized with the Yoast SEO plugin v27.4 - https:\/\/yoast.com\/product\/yoast-seo-wordpress\/ -->\n<title>The Madrid Audiovisual Cluster at the European Clusters Conference 2025<\/title>\n<meta name=\"description\" content=\"The Madrid Audiovisual Cluster participates in the European Clusters Conference 2025, a key European meeting on innovation, cooperation and industrial\" \/>\n<meta name=\"robots\" content=\"index, follow, max-snippet:-1, max-image-preview:large, max-video-preview:-1\" \/>\n<link rel=\"canonical\" href=\"https:\/\/clusteraudiovisualmadrid.es\/en\/cluster-audiovisual-madrid-european-clusters-conference-2025\/\" \/>\n<meta property=\"og:locale\" content=\"en_US\" \/>\n<meta property=\"og:type\" content=\"article\" \/>\n<meta property=\"og:title\" content=\"The Madrid Audiovisual Cluster at the European Clusters Conference 2025\" \/>\n<meta property=\"og:description\" content=\"The Madrid Audiovisual Cluster participates in the European Clusters Conference 2025, a key European meeting on innovation, cooperation and industrial\" \/>\n<meta property=\"og:url\" content=\"https:\/\/clusteraudiovisualmadrid.es\/en\/cluster-audiovisual-madrid-european-clusters-conference-2025\/\" \/>\n<meta property=\"og:site_name\" content=\"Cluster Madrid\" \/>\n<meta property=\"article:published_time\" content=\"2025-12-11T10:09:47+00:00\" \/>\n<meta property=\"article:modified_time\" content=\"2026-01-16T10:12:40+00:00\" \/>\n<meta property=\"og:image\" content=\"https:\/\/clusteraudiovisualmadrid.es\/wp-content\/uploads\/2026\/01\/European-Cluster-Alliance-2.jpg\" \/>\n\t<meta property=\"og:image:width\" content=\"808\" \/>\n\t<meta property=\"og:image:height\" content=\"434\" \/>\n\t<meta property=\"og:image:type\" content=\"image\/jpeg\" \/>\n<meta name=\"author\" content=\"Redacci\u00f3n Cl\u00faster Audiovisual de Madrid\" \/>\n<meta name=\"twitter:card\" content=\"summary_large_image\" \/>\n<meta name=\"twitter:label1\" content=\"Written by\" \/>\n\t<meta name=\"twitter:data1\" content=\"Redacci\u00f3n Cl\u00faster Audiovisual de Madrid\" \/>\n\t<meta name=\"twitter:label2\" content=\"Est. reading time\" \/>\n\t<meta name=\"twitter:data2\" content=\"2 minutes\" \/>\n<script type=\"application\/ld+json\" class=\"yoast-schema-graph\">{\"@context\":\"https:\\\/\\\/schema.org\",\"@graph\":[{\"@type\":\"Article\",\"@id\":\"https:\\\/\\\/clusteraudiovisualmadrid.es\\\/en\\\/cluster-audiovisual-madrid-european-clusters-conference-2025\\\/#article\",\"isPartOf\":{\"@id\":\"https:\\\/\\\/clusteraudiovisualmadrid.es\\\/en\\\/cluster-audiovisual-madrid-european-clusters-conference-2025\\\/\"},\"author\":{\"name\":\"Redacci\u00f3n Cl\u00faster Audiovisual de Madrid\",\"@id\":\"https:\\\/\\\/clusteraudiovisualmadrid.es\\\/en\\\/#\\\/schema\\\/person\\\/b90fdb31be5535150ffca6b0c5b5f01b\"},\"headline\":\"The Madrid Audiovisual Cluster participates in the European Clusters Conference 2025\",\"datePublished\":\"2025-12-11T10:09:47+00:00\",\"dateModified\":\"2026-01-16T10:12:40+00:00\",\"mainEntityOfPage\":{\"@id\":\"https:\\\/\\\/clusteraudiovisualmadrid.es\\\/en\\\/cluster-audiovisual-madrid-european-clusters-conference-2025\\\/\"},\"wordCount\":341,\"publisher\":{\"@id\":\"https:\\\/\\\/clusteraudiovisualmadrid.es\\\/en\\\/#organization\"},\"image\":{\"@id\":\"https:\\\/\\\/clusteraudiovisualmadrid.es\\\/en\\\/cluster-audiovisual-madrid-european-clusters-conference-2025\\\/#primaryimage\"},\"thumbnailUrl\":\"https:\\\/\\\/clusteraudiovisualmadrid.es\\\/wp-content\\\/uploads\\\/2026\\\/01\\\/European-Cluster-Alliance-2.jpg\",\"articleSection\":[\"News\"],\"inLanguage\":\"en-US\"},{\"@type\":\"WebPage\",\"@id\":\"https:\\\/\\\/clusteraudiovisualmadrid.es\\\/en\\\/cluster-audiovisual-madrid-european-clusters-conference-2025\\\/\",\"url\":\"https:\\\/\\\/clusteraudiovisualmadrid.es\\\/en\\\/cluster-audiovisual-madrid-european-clusters-conference-2025\\\/\",\"name\":\"The Madrid Audiovisual Cluster at the European Clusters Conference 2025\",\"isPartOf\":{\"@id\":\"https:\\\/\\\/clusteraudiovisualmadrid.es\\\/en\\\/#website\"},\"primaryImageOfPage\":{\"@id\":\"https:\\\/\\\/clusteraudiovisualmadrid.es\\\/en\\\/cluster-audiovisual-madrid-european-clusters-conference-2025\\\/#primaryimage\"},\"image\":{\"@id\":\"https:\\\/\\\/clusteraudiovisualmadrid.es\\\/en\\\/cluster-audiovisual-madrid-european-clusters-conference-2025\\\/#primaryimage\"},\"thumbnailUrl\":\"https:\\\/\\\/clusteraudiovisualmadrid.es\\\/wp-content\\\/uploads\\\/2026\\\/01\\\/European-Cluster-Alliance-2.jpg\",\"datePublished\":\"2025-12-11T10:09:47+00:00\",\"dateModified\":\"2026-01-16T10:12:40+00:00\",\"description\":\"The Madrid Audiovisual Cluster participates in the European Clusters Conference 2025, a key European meeting on innovation, cooperation and industrial policies.\",\"breadcrumb\":{\"@id\":\"https:\\\/\\\/clusteraudiovisualmadrid.es\\\/en\\\/cluster-audiovisual-madrid-european-clusters-conference-2025\\\/#breadcrumb\"},\"inLanguage\":\"en-US\",\"potentialAction\":[{\"@type\":\"ReadAction\",\"target\":[\"https:\\\/\\\/clusteraudiovisualmadrid.es\\\/en\\\/cluster-audiovisual-madrid-european-clusters-conference-2025\\\/\"]}]},{\"@type\":\"ImageObject\",\"inLanguage\":\"en-US\",\"@id\":\"https:\\\/\\\/clusteraudiovisualmadrid.es\\\/en\\\/cluster-audiovisual-madrid-european-clusters-conference-2025\\\/#primaryimage\",\"url\":\"https:\\\/\\\/clusteraudiovisualmadrid.es\\\/wp-content\\\/uploads\\\/2026\\\/01\\\/European-Cluster-Alliance-2.jpg\",\"contentUrl\":\"https:\\\/\\\/clusteraudiovisualmadrid.es\\\/wp-content\\\/uploads\\\/2026\\\/01\\\/European-Cluster-Alliance-2.jpg\",\"width\":808,\"height\":434},{\"@type\":\"BreadcrumbList\",\"@id\":\"https:\\\/\\\/clusteraudiovisualmadrid.es\\\/en\\\/cluster-audiovisual-madrid-european-clusters-conference-2025\\\/#breadcrumb\",\"itemListElement\":[{\"@type\":\"ListItem\",\"position\":1,\"name\":\"Portada\",\"item\":\"https:\\\/\\\/clusteraudiovisualmadrid.es\\\/\"},{\"@type\":\"ListItem\",\"position\":2,\"name\":\"The Madrid Audiovisual Cluster participates in the European Clusters Conference 2025\"}]},{\"@type\":\"WebSite\",\"@id\":\"https:\\\/\\\/clusteraudiovisualmadrid.es\\\/en\\\/#website\",\"url\":\"https:\\\/\\\/clusteraudiovisualmadrid.es\\\/en\\\/\",\"name\":\"Cluster Madrid\",\"description\":\"\",\"publisher\":{\"@id\":\"https:\\\/\\\/clusteraudiovisualmadrid.es\\\/en\\\/#organization\"},\"potentialAction\":[{\"@type\":\"SearchAction\",\"target\":{\"@type\":\"EntryPoint\",\"urlTemplate\":\"https:\\\/\\\/clusteraudiovisualmadrid.es\\\/en\\\/?s={search_term_string}\"},\"query-input\":{\"@type\":\"PropertyValueSpecification\",\"valueRequired\":true,\"valueName\":\"search_term_string\"}}],\"inLanguage\":\"en-US\"},{\"@type\":\"Organization\",\"@id\":\"https:\\\/\\\/clusteraudiovisualmadrid.es\\\/en\\\/#organization\",\"name\":\"Cluster Madrid\",\"url\":\"https:\\\/\\\/clusteraudiovisualmadrid.es\\\/en\\\/\",\"logo\":{\"@type\":\"ImageObject\",\"inLanguage\":\"en-US\",\"@id\":\"https:\\\/\\\/clusteraudiovisualmadrid.es\\\/en\\\/#\\\/schema\\\/logo\\\/image\\\/\",\"url\":\"https:\\\/\\\/clusteraudiovisualmadrid.es\\\/wp-content\\\/uploads\\\/2024\\\/09\\\/Grupo-53.svg\",\"contentUrl\":\"https:\\\/\\\/clusteraudiovisualmadrid.es\\\/wp-content\\\/uploads\\\/2024\\\/09\\\/Grupo-53.svg\",\"width\":66,\"height\":66,\"caption\":\"Cluster Madrid\"},\"image\":{\"@id\":\"https:\\\/\\\/clusteraudiovisualmadrid.es\\\/en\\\/#\\\/schema\\\/logo\\\/image\\\/\"}},{\"@type\":\"Person\",\"@id\":\"https:\\\/\\\/clusteraudiovisualmadrid.es\\\/en\\\/#\\\/schema\\\/person\\\/b90fdb31be5535150ffca6b0c5b5f01b\",\"name\":\"Redacci\u00f3n Cl\u00faster Audiovisual de Madrid\",\"image\":{\"@type\":\"ImageObject\",\"inLanguage\":\"en-US\",\"@id\":\"https:\\\/\\\/secure.gravatar.com\\\/avatar\\\/7f3d8b7a5d1a7749a31a9c572fd20d7dc0f10a77d64acd671d1d2bd2d90aeaea?s=96&r=g&d=https:\\\/\\\/clusteraudiovisualmadrid.es\\\/wp-content\\\/plugins\\\/userswp\\\/assets\\\/images\\\/no_profile.png\",\"url\":\"https:\\\/\\\/secure.gravatar.com\\\/avatar\\\/7f3d8b7a5d1a7749a31a9c572fd20d7dc0f10a77d64acd671d1d2bd2d90aeaea?s=96&r=g&d=https:\\\/\\\/clusteraudiovisualmadrid.es\\\/wp-content\\\/plugins\\\/userswp\\\/assets\\\/images\\\/no_profile.png\",\"contentUrl\":\"https:\\\/\\\/secure.gravatar.com\\\/avatar\\\/7f3d8b7a5d1a7749a31a9c572fd20d7dc0f10a77d64acd671d1d2bd2d90aeaea?s=96&r=g&d=https:\\\/\\\/clusteraudiovisualmadrid.es\\\/wp-content\\\/plugins\\\/userswp\\\/assets\\\/images\\\/no_profile.png\",\"caption\":\"Redacci\u00f3n Cl\u00faster Audiovisual de Madrid\"},\"description\":\"T\u00e9cnico de marketing en Brandominus.\",\"url\":\"https:\\\/\\\/clusteraudiovisualmadrid.es\\\/profile\\\/cluster_pablo\\\/\"}]}<\/script>\n<!-- \/ Yoast SEO plugin. -->","yoast_head_json":{"title":"The Madrid Audiovisual Cluster at the European Clusters Conference 2025","description":"The Madrid Audiovisual Cluster participates in the European Clusters Conference 2025, a key European meeting on innovation, cooperation and industrial","robots":{"index":"index","follow":"follow","max-snippet":"max-snippet:-1","max-image-preview":"max-image-preview:large","max-video-preview":"max-video-preview:-1"},"canonical":"https:\/\/clusteraudiovisualmadrid.es\/en\/cluster-audiovisual-madrid-european-clusters-conference-2025\/","og_locale":"en_US","og_type":"article","og_title":"The Madrid Audiovisual Cluster at the European Clusters Conference 2025","og_description":"The Madrid Audiovisual Cluster participates in the European Clusters Conference 2025, a key European meeting on innovation, cooperation and industrial","og_url":"https:\/\/clusteraudiovisualmadrid.es\/en\/cluster-audiovisual-madrid-european-clusters-conference-2025\/","og_site_name":"Cluster Madrid","article_published_time":"2025-12-11T10:09:47+00:00","article_modified_time":"2026-01-16T10:12:40+00:00","og_image":[{"width":808,"height":434,"url":"https:\/\/clusteraudiovisualmadrid.es\/wp-content\/uploads\/2026\/01\/European-Cluster-Alliance-2.jpg","type":"image\/jpeg"}],"author":"Redacci\u00f3n Cl\u00faster Audiovisual de Madrid","twitter_card":"summary_large_image","twitter_misc":{"Written by":"Redacci\u00f3n Cl\u00faster Audiovisual de Madrid","Est. reading time":"2 minutes"},"schema":{"@context":"https:\/\/schema.org","@graph":[{"@type":"Article","@id":"https:\/\/clusteraudiovisualmadrid.es\/en\/cluster-audiovisual-madrid-european-clusters-conference-2025\/#article","isPartOf":{"@id":"https:\/\/clusteraudiovisualmadrid.es\/en\/cluster-audiovisual-madrid-european-clusters-conference-2025\/"},"author":{"name":"Redacci\u00f3n Cl\u00faster Audiovisual de Madrid","@id":"https:\/\/clusteraudiovisualmadrid.es\/en\/#\/schema\/person\/b90fdb31be5535150ffca6b0c5b5f01b"},"headline":"The Madrid Audiovisual Cluster participates in the European Clusters Conference 2025","datePublished":"2025-12-11T10:09:47+00:00","dateModified":"2026-01-16T10:12:40+00:00","mainEntityOfPage":{"@id":"https:\/\/clusteraudiovisualmadrid.es\/en\/cluster-audiovisual-madrid-european-clusters-conference-2025\/"},"wordCount":341,"publisher":{"@id":"https:\/\/clusteraudiovisualmadrid.es\/en\/#organization"},"image":{"@id":"https:\/\/clusteraudiovisualmadrid.es\/en\/cluster-audiovisual-madrid-european-clusters-conference-2025\/#primaryimage"},"thumbnailUrl":"https:\/\/clusteraudiovisualmadrid.es\/wp-content\/uploads\/2026\/01\/European-Cluster-Alliance-2.jpg","articleSection":["News"],"inLanguage":"en-US"},{"@type":"WebPage","@id":"https:\/\/clusteraudiovisualmadrid.es\/en\/cluster-audiovisual-madrid-european-clusters-conference-2025\/","url":"https:\/\/clusteraudiovisualmadrid.es\/en\/cluster-audiovisual-madrid-european-clusters-conference-2025\/","name":"The Madrid Audiovisual Cluster at the European Clusters Conference 2025","isPartOf":{"@id":"https:\/\/clusteraudiovisualmadrid.es\/en\/#website"},"primaryImageOfPage":{"@id":"https:\/\/clusteraudiovisualmadrid.es\/en\/cluster-audiovisual-madrid-european-clusters-conference-2025\/#primaryimage"},"image":{"@id":"https:\/\/clusteraudiovisualmadrid.es\/en\/cluster-audiovisual-madrid-european-clusters-conference-2025\/#primaryimage"},"thumbnailUrl":"https:\/\/clusteraudiovisualmadrid.es\/wp-content\/uploads\/2026\/01\/European-Cluster-Alliance-2.jpg","datePublished":"2025-12-11T10:09:47+00:00","dateModified":"2026-01-16T10:12:40+00:00","description":"The Madrid Audiovisual Cluster participates in the European Clusters Conference 2025, a key European meeting on innovation, cooperation and industrial policies.","breadcrumb":{"@id":"https:\/\/clusteraudiovisualmadrid.es\/en\/cluster-audiovisual-madrid-european-clusters-conference-2025\/#breadcrumb"},"inLanguage":"en-US","potentialAction":[{"@type":"ReadAction","target":["https:\/\/clusteraudiovisualmadrid.es\/en\/cluster-audiovisual-madrid-european-clusters-conference-2025\/"]}]},{"@type":"ImageObject","inLanguage":"en-US","@id":"https:\/\/clusteraudiovisualmadrid.es\/en\/cluster-audiovisual-madrid-european-clusters-conference-2025\/#primaryimage","url":"https:\/\/clusteraudiovisualmadrid.es\/wp-content\/uploads\/2026\/01\/European-Cluster-Alliance-2.jpg","contentUrl":"https:\/\/clusteraudiovisualmadrid.es\/wp-content\/uploads\/2026\/01\/European-Cluster-Alliance-2.jpg","width":808,"height":434},{"@type":"BreadcrumbList","@id":"https:\/\/clusteraudiovisualmadrid.es\/en\/cluster-audiovisual-madrid-european-clusters-conference-2025\/#breadcrumb","itemListElement":[{"@type":"ListItem","position":1,"name":"Portada","item":"https:\/\/clusteraudiovisualmadrid.es\/"},{"@type":"ListItem","position":2,"name":"The Madrid Audiovisual Cluster participates in the European Clusters Conference 2025"}]},{"@type":"WebSite","@id":"https:\/\/clusteraudiovisualmadrid.es\/en\/#website","url":"https:\/\/clusteraudiovisualmadrid.es\/en\/","name":"Cluster Madrid","description":"","publisher":{"@id":"https:\/\/clusteraudiovisualmadrid.es\/en\/#organization"},"potentialAction":[{"@type":"SearchAction","target":{"@type":"EntryPoint","urlTemplate":"https:\/\/clusteraudiovisualmadrid.es\/en\/?s={search_term_string}"},"query-input":{"@type":"PropertyValueSpecification","valueRequired":true,"valueName":"search_term_string"}}],"inLanguage":"en-US"},{"@type":"Organization","@id":"https:\/\/clusteraudiovisualmadrid.es\/en\/#organization","name":"Cluster Madrid","url":"https:\/\/clusteraudiovisualmadrid.es\/en\/","logo":{"@type":"ImageObject","inLanguage":"en-US","@id":"https:\/\/clusteraudiovisualmadrid.es\/en\/#\/schema\/logo\/image\/","url":"https:\/\/clusteraudiovisualmadrid.es\/wp-content\/uploads\/2024\/09\/Grupo-53.svg","contentUrl":"https:\/\/clusteraudiovisualmadrid.es\/wp-content\/uploads\/2024\/09\/Grupo-53.svg","width":66,"height":66,"caption":"Cluster Madrid"},"image":{"@id":"https:\/\/clusteraudiovisualmadrid.es\/en\/#\/schema\/logo\/image\/"}},{"@type":"Person","@id":"https:\/\/clusteraudiovisualmadrid.es\/en\/#\/schema\/person\/b90fdb31be5535150ffca6b0c5b5f01b","name":"Redacci\u00f3n Cl\u00faster Audiovisual de Madrid","image":{"@type":"ImageObject","inLanguage":"en-US","@id":"https:\/\/secure.gravatar.com\/avatar\/7f3d8b7a5d1a7749a31a9c572fd20d7dc0f10a77d64acd671d1d2bd2d90aeaea?s=96&r=g&d=https:\/\/clusteraudiovisualmadrid.es\/wp-content\/plugins\/userswp\/assets\/images\/no_profile.png","url":"https:\/\/secure.gravatar.com\/avatar\/7f3d8b7a5d1a7749a31a9c572fd20d7dc0f10a77d64acd671d1d2bd2d90aeaea?s=96&r=g&d=https:\/\/clusteraudiovisualmadrid.es\/wp-content\/plugins\/userswp\/assets\/images\/no_profile.png","contentUrl":"https:\/\/secure.gravatar.com\/avatar\/7f3d8b7a5d1a7749a31a9c572fd20d7dc0f10a77d64acd671d1d2bd2d90aeaea?s=96&r=g&d=https:\/\/clusteraudiovisualmadrid.es\/wp-content\/plugins\/userswp\/assets\/images\/no_profile.png","caption":"Redacci\u00f3n Cl\u00faster Audiovisual de Madrid"},"description":"T\u00e9cnico de marketing en Brandominus.","url":"https:\/\/clusteraudiovisualmadrid.es\/profile\/cluster_pablo\/"}]}},"_links":{"self":[{"href":"https:\/\/clusteraudiovisualmadrid.es\/en\/wp-json\/wp\/v2\/posts\/6978","targetHints":{"allow":["GET"]}}],"collection":[{"href":"https:\/\/clusteraudiovisualmadrid.es\/en\/wp-json\/wp\/v2\/posts"}],"about":[{"href":"https:\/\/clusteraudiovisualmadrid.es\/en\/wp-json\/wp\/v2\/types\/post"}],"author":[{"embeddable":true,"href":"https:\/\/clusteraudiovisualmadrid.es\/en\/wp-json\/wp\/v2\/users\/4"}],"replies":[{"embeddable":true,"href":"https:\/\/clusteraudiovisualmadrid.es\/en\/wp-json\/wp\/v2\/comments?post=6978"}],"version-history":[{"count":1,"href":"https:\/\/clusteraudiovisualmadrid.es\/en\/wp-json\/wp\/v2\/posts\/6978\/revisions"}],"predecessor-version":[{"id":6979,"href":"https:\/\/clusteraudiovisualmadrid.es\/en\/wp-json\/wp\/v2\/posts\/6978\/revisions\/6979"}],"wp:featuredmedia":[{"embeddable":true,"href":"https:\/\/clusteraudiovisualmadrid.es\/en\/wp-json\/wp\/v2\/media\/6961"}],"wp:attachment":[{"href":"https:\/\/clusteraudiovisualmadrid.es\/en\/wp-json\/wp\/v2\/media?parent=6978"}],"wp:term":[{"taxonomy":"category","embeddable":true,"href":"https:\/\/clusteraudiovisualmadrid.es\/en\/wp-json\/wp\/v2\/categories?post=6978"},{"taxonomy":"post_tag","embeddable":true,"href":"https:\/\/clusteraudiovisualmadrid.es\/en\/wp-json\/wp\/v2\/tags?post=6978"}],"curies":[{"name":"wp","href":"https:\/\/api.w.org\/{rel}","templated":true}]}}