{"id":6974,"date":"2025-11-27T10:21:35","date_gmt":"2025-11-27T09:21:35","guid":{"rendered":"https:\/\/clusteraudiovisualmadrid.es\/?p=6974"},"modified":"2026-01-16T10:35:56","modified_gmt":"2026-01-16T09:35:56","slug":"observatory-audiovisual-madrid-cluster-audiovisual","status":"publish","type":"post","link":"https:\/\/clusteraudiovisualmadrid.es\/en\/observatory-audiovisual-madrid-cluster-audiovisual\/","title":{"rendered":"The Madrid Audiovisual Cluster presents the Madrid Audiovisual Observatory"},"content":{"rendered":"\n<p>On <strong>26 November 2025<\/strong>, the <strong>Madrid Audiovisual Cluster<\/strong> presented <strong>the <a href=\"https:\/\/observatorio.clusteraudiovisualmadrid.es\/en\/\" target=\"_blank\" rel=\"noreferrer noopener\">Madrid Audiovisual Observatory<\/a><\/strong>, a new strategic space designed <strong>to centralise data, the agenda and trends <\/strong>in Madrid&#8217;s audiovisual sector.<\/p>\n\n\n\n<p>The Observatory was created with the aim of becoming a <strong>reference tool for companies, professionals, institutions and agents<\/strong> in the audiovisual ecosystem, facilitating access to key information that enables analysis of the sector&#8217;s evolution, detection of opportunities and support for strategic decision-making.<\/p>\n\n\n\n<p>This new space is structured around three main areas of work:<\/p>\n\n\n\n<p>\u2022\u00a0\u00a0\u00a0 <strong><a href=\"https:\/\/observatorio.clusteraudiovisualmadrid.es\/en\/agenda-madrid\/\" target=\"_blank\" rel=\"noreferrer noopener\">Agenda Madrid<\/a><\/strong>, which brings together and highlights the main events, festivals, conferences, professional meetings and training activities related to the audiovisual sector in the Community of Madrid.<\/p>\n\n\n\n<p><\/p>\n\n\n\n<p>\u2022&nbsp;&nbsp;&nbsp; <strong><a href=\"https:\/\/observatorio.clusteraudiovisualmadrid.es\/en\/data-madrid\/\">Data Madrid<\/a><\/strong>, a repository of data and indicators that offers a structured overview of the audiovisual sector in Madrid, contributing to a greater understanding of its economic, industrial and cultural impact.<\/p>\n\n\n\n<p><\/p>\n\n\n\n<p>\u2022\u00a0\u00a0\u00a0 <strong><a href=\"https:\/\/observatorio.clusteraudiovisualmadrid.es\/en\/radar-madrid\/\" target=\"_blank\" rel=\"noreferrer noopener\">Radar Madrid<\/a><\/strong>, aimed at identifying trends, emerging projects and innovative initiatives that are shaping the present and future of the audiovisual sector in the region.<\/p>\n\n\n\n<p>The launch of the Madrid Audiovisual Observatory reinforces the role of the Madrid Audiovisual Cluster as a <strong>unifying force in the sector<\/strong>, in line with its commitment to promoting the professionalisation, innovation and competitiveness of the audiovisual industry in the Community of Madrid.<\/p>\n\n\n\n<p>With this initiative, the Cluster continues to advance in its mission <strong>to strengthen Madrid&#8217;s audiovisual ecosystem<\/strong>, generating shared knowledge and promoting greater collaboration between companies, institutions and professionals in the sector.<\/p>\n\n\n\n<figure class=\"wp-block-gallery has-nested-images columns-default is-cropped wp-block-gallery-1 is-layout-flex wp-block-gallery-is-layout-flex\">\n<figure class=\"wp-block-image size-large\"><img decoding=\"async\" data-id=\"6932\" src=\"https:\/\/clusteraudiovisualmadrid.es\/wp-content\/uploads\/2026\/01\/DSC02000-3.jpg\" alt=\"\" class=\"wp-image-6932\"\/><figcaption class=\"wp-element-caption\">Deputy Minister of Culture, Tourism and Sport of the Community of Madrid, <strong>Luis Mart\u00edn<\/strong><\/figcaption><\/figure>\n\n\n\n<figure class=\"wp-block-image size-large\"><img decoding=\"async\" data-id=\"6930\" src=\"https:\/\/clusteraudiovisualmadrid.es\/wp-content\/uploads\/2026\/01\/DSC01971-3.jpg\" alt=\"\" class=\"wp-image-6930\"\/><figcaption class=\"wp-element-caption\">General Coordinator of the Mayor&#8217;s Office of Madrid City Council, <strong>Inmaculada S\u00e1nchez-Cervera<\/strong><\/figcaption><\/figure>\n\n\n\n<figure class=\"wp-block-image size-large\"><img fetchpriority=\"high\" decoding=\"async\" width=\"1024\" height=\"683\" data-id=\"6908\" src=\"https:\/\/clusteraudiovisualmadrid.es\/wp-content\/uploads\/2026\/01\/20251126-ClusterAudiovisual-Asamblea-117-1024x683.jpg\" alt=\"\" class=\"wp-image-6908\" srcset=\"https:\/\/clusteraudiovisualmadrid.es\/wp-content\/uploads\/2026\/01\/20251126-ClusterAudiovisual-Asamblea-117-1024x683.jpg 1024w, https:\/\/clusteraudiovisualmadrid.es\/wp-content\/uploads\/2026\/01\/20251126-ClusterAudiovisual-Asamblea-117-300x200.jpg 300w, https:\/\/clusteraudiovisualmadrid.es\/wp-content\/uploads\/2026\/01\/20251126-ClusterAudiovisual-Asamblea-117-768x512.jpg 768w, https:\/\/clusteraudiovisualmadrid.es\/wp-content\/uploads\/2026\/01\/20251126-ClusterAudiovisual-Asamblea-117-1536x1024.jpg 1536w, https:\/\/clusteraudiovisualmadrid.es\/wp-content\/uploads\/2026\/01\/20251126-ClusterAudiovisual-Asamblea-117-2048x1365.jpg 2048w\" sizes=\"(max-width: 1024px) 100vw, 1024px\" \/><figcaption class=\"wp-element-caption\"><strong>Diego Rodr\u00edguez<\/strong>, founder of River, and <strong>Samuel Castro<\/strong>, director of the Secuoya Foundation<\/figcaption><\/figure>\n\n\n\n<figure class=\"wp-block-image size-large\"><img decoding=\"async\" width=\"1024\" height=\"683\" data-id=\"6913\" src=\"https:\/\/clusteraudiovisualmadrid.es\/wp-content\/uploads\/2026\/01\/20251126-ClusterAudiovisual-Asamblea-127-1024x683.jpg\" alt=\"\" class=\"wp-image-6913\" srcset=\"https:\/\/clusteraudiovisualmadrid.es\/wp-content\/uploads\/2026\/01\/20251126-ClusterAudiovisual-Asamblea-127-1024x683.jpg 1024w, https:\/\/clusteraudiovisualmadrid.es\/wp-content\/uploads\/2026\/01\/20251126-ClusterAudiovisual-Asamblea-127-300x200.jpg 300w, https:\/\/clusteraudiovisualmadrid.es\/wp-content\/uploads\/2026\/01\/20251126-ClusterAudiovisual-Asamblea-127-768x512.jpg 768w, https:\/\/clusteraudiovisualmadrid.es\/wp-content\/uploads\/2026\/01\/20251126-ClusterAudiovisual-Asamblea-127-1536x1024.jpg 1536w, https:\/\/clusteraudiovisualmadrid.es\/wp-content\/uploads\/2026\/01\/20251126-ClusterAudiovisual-Asamblea-127-2048x1365.jpg 2048w\" sizes=\"(max-width: 1024px) 100vw, 1024px\" \/><figcaption class=\"wp-element-caption\"><strong>Ana Dom\u00ednguez<\/strong>, AFI consultant<\/figcaption><\/figure>\n\n\n\n<figure class=\"wp-block-image size-large\"><img decoding=\"async\" width=\"1024\" height=\"683\" data-id=\"6914\" src=\"https:\/\/clusteraudiovisualmadrid.es\/wp-content\/uploads\/2026\/01\/20251126-ClusterAudiovisual-Asamblea-131-1024x683.jpg\" alt=\"\" class=\"wp-image-6914\" srcset=\"https:\/\/clusteraudiovisualmadrid.es\/wp-content\/uploads\/2026\/01\/20251126-ClusterAudiovisual-Asamblea-131-1024x683.jpg 1024w, https:\/\/clusteraudiovisualmadrid.es\/wp-content\/uploads\/2026\/01\/20251126-ClusterAudiovisual-Asamblea-131-300x200.jpg 300w, https:\/\/clusteraudiovisualmadrid.es\/wp-content\/uploads\/2026\/01\/20251126-ClusterAudiovisual-Asamblea-131-768x512.jpg 768w, https:\/\/clusteraudiovisualmadrid.es\/wp-content\/uploads\/2026\/01\/20251126-ClusterAudiovisual-Asamblea-131-1536x1024.jpg 1536w, https:\/\/clusteraudiovisualmadrid.es\/wp-content\/uploads\/2026\/01\/20251126-ClusterAudiovisual-Asamblea-131-2048x1365.jpg 2048w\" sizes=\"(max-width: 1024px) 100vw, 1024px\" \/><figcaption class=\"wp-element-caption\"><strong>Ra\u00fal Izquierdo<\/strong>, managing director of TBS and spokesperson for innovation<\/figcaption><\/figure>\n\n\n\n<figure class=\"wp-block-image size-large\"><img loading=\"lazy\" decoding=\"async\" width=\"1024\" height=\"683\" data-id=\"6916\" src=\"https:\/\/clusteraudiovisualmadrid.es\/wp-content\/uploads\/2026\/01\/20251126-ClusterAudiovisual-Asamblea-135-1024x683.jpg\" alt=\"\" class=\"wp-image-6916\" srcset=\"https:\/\/clusteraudiovisualmadrid.es\/wp-content\/uploads\/2026\/01\/20251126-ClusterAudiovisual-Asamblea-135-1024x683.jpg 1024w, https:\/\/clusteraudiovisualmadrid.es\/wp-content\/uploads\/2026\/01\/20251126-ClusterAudiovisual-Asamblea-135-300x200.jpg 300w, https:\/\/clusteraudiovisualmadrid.es\/wp-content\/uploads\/2026\/01\/20251126-ClusterAudiovisual-Asamblea-135-768x512.jpg 768w, https:\/\/clusteraudiovisualmadrid.es\/wp-content\/uploads\/2026\/01\/20251126-ClusterAudiovisual-Asamblea-135-1536x1024.jpg 1536w, https:\/\/clusteraudiovisualmadrid.es\/wp-content\/uploads\/2026\/01\/20251126-ClusterAudiovisual-Asamblea-135-2048x1365.jpg 2048w\" sizes=\"(max-width: 1024px) 100vw, 1024px\" \/><figcaption class=\"wp-element-caption\"><strong>Victor Guerra<\/strong>, Chief Executive Officer at Brandominus<\/figcaption><\/figure>\n\n\n\n<figure class=\"wp-block-image size-large\"><img loading=\"lazy\" decoding=\"async\" width=\"1024\" height=\"683\" data-id=\"6906\" src=\"https:\/\/clusteraudiovisualmadrid.es\/wp-content\/uploads\/2026\/01\/20251126-ClusterAudiovisual-Asamblea-130-1024x683.jpg\" alt=\"\" class=\"wp-image-6906\" srcset=\"https:\/\/clusteraudiovisualmadrid.es\/wp-content\/uploads\/2026\/01\/20251126-ClusterAudiovisual-Asamblea-130-1024x683.jpg 1024w, https:\/\/clusteraudiovisualmadrid.es\/wp-content\/uploads\/2026\/01\/20251126-ClusterAudiovisual-Asamblea-130-300x200.jpg 300w, https:\/\/clusteraudiovisualmadrid.es\/wp-content\/uploads\/2026\/01\/20251126-ClusterAudiovisual-Asamblea-130-768x512.jpg 768w, https:\/\/clusteraudiovisualmadrid.es\/wp-content\/uploads\/2026\/01\/20251126-ClusterAudiovisual-Asamblea-130-1536x1024.jpg 1536w, https:\/\/clusteraudiovisualmadrid.es\/wp-content\/uploads\/2026\/01\/20251126-ClusterAudiovisual-Asamblea-130-2048x1365.jpg 2048w\" sizes=\"(max-width: 1024px) 100vw, 1024px\" \/><figcaption class=\"wp-element-caption\"><strong>Teresa Azcona<\/strong>, Director of the Madrid Audiovisual Cluster<\/figcaption><\/figure>\n\n\n\n<figure class=\"wp-block-image size-large\"><img loading=\"lazy\" decoding=\"async\" width=\"1024\" height=\"683\" data-id=\"6904\" src=\"https:\/\/clusteraudiovisualmadrid.es\/wp-content\/uploads\/2026\/01\/20251126-ClusterAudiovisual-Asamblea-154-1-1024x683.jpg\" alt=\"\" class=\"wp-image-6904\" srcset=\"https:\/\/clusteraudiovisualmadrid.es\/wp-content\/uploads\/2026\/01\/20251126-ClusterAudiovisual-Asamblea-154-1-1024x683.jpg 1024w, https:\/\/clusteraudiovisualmadrid.es\/wp-content\/uploads\/2026\/01\/20251126-ClusterAudiovisual-Asamblea-154-1-300x200.jpg 300w, https:\/\/clusteraudiovisualmadrid.es\/wp-content\/uploads\/2026\/01\/20251126-ClusterAudiovisual-Asamblea-154-1-768x512.jpg 768w, https:\/\/clusteraudiovisualmadrid.es\/wp-content\/uploads\/2026\/01\/20251126-ClusterAudiovisual-Asamblea-154-1-1536x1024.jpg 1536w, https:\/\/clusteraudiovisualmadrid.es\/wp-content\/uploads\/2026\/01\/20251126-ClusterAudiovisual-Asamblea-154-1-2048x1365.jpg 2048w\" sizes=\"(max-width: 1024px) 100vw, 1024px\" \/><figcaption class=\"wp-element-caption\"><strong>Ra\u00fal Berdon\u00e9s<\/strong>, President of the Madrid Audiovisual Cluster<\/figcaption><\/figure>\n<\/figure>\n\n\n\n<p><\/p>\n","protected":false},"excerpt":{"rendered":"<p>The Madrid Audiovisual Cluster held its General Assembly, approving the 2026 budget and welcoming 17 new member organisations.<\/p>\n","protected":false},"author":4,"featured_media":6938,"comment_status":"closed","ping_status":"closed","sticky":false,"template":"","format":"standard","meta":{"footnotes":""},"categories":[17],"tags":[],"class_list":["post-6974","post","type-post","status-publish","format-standard","has-post-thumbnail","hentry","category-news"],"yoast_head":"<!-- This site is optimized with the Yoast SEO plugin v27.4 - https:\/\/yoast.com\/product\/yoast-seo-wordpress\/ -->\n<title>The Madrid Audiovisual Cluster launches the Madrid Audiovisual Observatory<\/title>\n<meta name=\"description\" content=\"The Madrid Audiovisual Cluster presents the Madrid Audiovisual Observatory, a new strategic space for data, agendas and trends in the sector.\" \/>\n<meta name=\"robots\" content=\"index, follow, max-snippet:-1, max-image-preview:large, max-video-preview:-1\" \/>\n<link rel=\"canonical\" href=\"https:\/\/clusteraudiovisualmadrid.es\/en\/observatory-audiovisual-madrid-cluster-audiovisual\/\" \/>\n<meta property=\"og:locale\" content=\"en_US\" \/>\n<meta property=\"og:type\" content=\"article\" \/>\n<meta property=\"og:title\" content=\"The Madrid Audiovisual Cluster launches the Madrid Audiovisual Observatory\" \/>\n<meta property=\"og:description\" content=\"The Madrid Audiovisual Cluster presents the Madrid Audiovisual Observatory, a new strategic space for data, agendas and trends in the sector.\" \/>\n<meta property=\"og:url\" content=\"https:\/\/clusteraudiovisualmadrid.es\/en\/observatory-audiovisual-madrid-cluster-audiovisual\/\" \/>\n<meta property=\"og:site_name\" content=\"Cluster Madrid\" \/>\n<meta property=\"article:published_time\" content=\"2025-11-27T09:21:35+00:00\" \/>\n<meta property=\"article:modified_time\" content=\"2026-01-16T09:35:56+00:00\" \/>\n<meta property=\"og:image\" content=\"https:\/\/clusteraudiovisualmadrid.es\/wp-content\/uploads\/2026\/01\/20251126-ClusterAudiovisual-Asamblea-157-scaled.jpg\" \/>\n\t<meta property=\"og:image:width\" content=\"2560\" \/>\n\t<meta property=\"og:image:height\" content=\"1707\" \/>\n\t<meta property=\"og:image:type\" content=\"image\/jpeg\" \/>\n<meta name=\"author\" content=\"Redacci\u00f3n Cl\u00faster Audiovisual de Madrid\" \/>\n<meta name=\"twitter:card\" content=\"summary_large_image\" \/>\n<meta name=\"twitter:label1\" content=\"Written by\" \/>\n\t<meta name=\"twitter:data1\" content=\"Redacci\u00f3n Cl\u00faster Audiovisual de Madrid\" \/>\n\t<meta name=\"twitter:label2\" content=\"Est. reading time\" \/>\n\t<meta name=\"twitter:data2\" content=\"4 minutes\" \/>\n<script type=\"application\/ld+json\" class=\"yoast-schema-graph\">{\"@context\":\"https:\\\/\\\/schema.org\",\"@graph\":[{\"@type\":\"Article\",\"@id\":\"https:\\\/\\\/clusteraudiovisualmadrid.es\\\/en\\\/observatory-audiovisual-madrid-cluster-audiovisual\\\/#article\",\"isPartOf\":{\"@id\":\"https:\\\/\\\/clusteraudiovisualmadrid.es\\\/en\\\/observatory-audiovisual-madrid-cluster-audiovisual\\\/\"},\"author\":{\"name\":\"Redacci\u00f3n Cl\u00faster Audiovisual de Madrid\",\"@id\":\"https:\\\/\\\/clusteraudiovisualmadrid.es\\\/en\\\/#\\\/schema\\\/person\\\/b90fdb31be5535150ffca6b0c5b5f01b\"},\"headline\":\"The Madrid Audiovisual Cluster presents the Madrid Audiovisual Observatory\",\"datePublished\":\"2025-11-27T09:21:35+00:00\",\"dateModified\":\"2026-01-16T09:35:56+00:00\",\"mainEntityOfPage\":{\"@id\":\"https:\\\/\\\/clusteraudiovisualmadrid.es\\\/en\\\/observatory-audiovisual-madrid-cluster-audiovisual\\\/\"},\"wordCount\":336,\"publisher\":{\"@id\":\"https:\\\/\\\/clusteraudiovisualmadrid.es\\\/en\\\/#organization\"},\"image\":{\"@id\":\"https:\\\/\\\/clusteraudiovisualmadrid.es\\\/en\\\/observatory-audiovisual-madrid-cluster-audiovisual\\\/#primaryimage\"},\"thumbnailUrl\":\"https:\\\/\\\/clusteraudiovisualmadrid.es\\\/wp-content\\\/uploads\\\/2026\\\/01\\\/20251126-ClusterAudiovisual-Asamblea-157-scaled.jpg\",\"articleSection\":[\"News\"],\"inLanguage\":\"en-US\"},{\"@type\":\"WebPage\",\"@id\":\"https:\\\/\\\/clusteraudiovisualmadrid.es\\\/en\\\/observatory-audiovisual-madrid-cluster-audiovisual\\\/\",\"url\":\"https:\\\/\\\/clusteraudiovisualmadrid.es\\\/en\\\/observatory-audiovisual-madrid-cluster-audiovisual\\\/\",\"name\":\"The Madrid Audiovisual Cluster launches the Madrid Audiovisual Observatory\",\"isPartOf\":{\"@id\":\"https:\\\/\\\/clusteraudiovisualmadrid.es\\\/en\\\/#website\"},\"primaryImageOfPage\":{\"@id\":\"https:\\\/\\\/clusteraudiovisualmadrid.es\\\/en\\\/observatory-audiovisual-madrid-cluster-audiovisual\\\/#primaryimage\"},\"image\":{\"@id\":\"https:\\\/\\\/clusteraudiovisualmadrid.es\\\/en\\\/observatory-audiovisual-madrid-cluster-audiovisual\\\/#primaryimage\"},\"thumbnailUrl\":\"https:\\\/\\\/clusteraudiovisualmadrid.es\\\/wp-content\\\/uploads\\\/2026\\\/01\\\/20251126-ClusterAudiovisual-Asamblea-157-scaled.jpg\",\"datePublished\":\"2025-11-27T09:21:35+00:00\",\"dateModified\":\"2026-01-16T09:35:56+00:00\",\"description\":\"The Madrid Audiovisual Cluster presents the Madrid Audiovisual Observatory, a new strategic space for data, agendas and trends in the sector.\",\"breadcrumb\":{\"@id\":\"https:\\\/\\\/clusteraudiovisualmadrid.es\\\/en\\\/observatory-audiovisual-madrid-cluster-audiovisual\\\/#breadcrumb\"},\"inLanguage\":\"en-US\",\"potentialAction\":[{\"@type\":\"ReadAction\",\"target\":[\"https:\\\/\\\/clusteraudiovisualmadrid.es\\\/en\\\/observatory-audiovisual-madrid-cluster-audiovisual\\\/\"]}]},{\"@type\":\"ImageObject\",\"inLanguage\":\"en-US\",\"@id\":\"https:\\\/\\\/clusteraudiovisualmadrid.es\\\/en\\\/observatory-audiovisual-madrid-cluster-audiovisual\\\/#primaryimage\",\"url\":\"https:\\\/\\\/clusteraudiovisualmadrid.es\\\/wp-content\\\/uploads\\\/2026\\\/01\\\/20251126-ClusterAudiovisual-Asamblea-157-scaled.jpg\",\"contentUrl\":\"https:\\\/\\\/clusteraudiovisualmadrid.es\\\/wp-content\\\/uploads\\\/2026\\\/01\\\/20251126-ClusterAudiovisual-Asamblea-157-scaled.jpg\",\"width\":2560,\"height\":1707},{\"@type\":\"BreadcrumbList\",\"@id\":\"https:\\\/\\\/clusteraudiovisualmadrid.es\\\/en\\\/observatory-audiovisual-madrid-cluster-audiovisual\\\/#breadcrumb\",\"itemListElement\":[{\"@type\":\"ListItem\",\"position\":1,\"name\":\"Portada\",\"item\":\"https:\\\/\\\/clusteraudiovisualmadrid.es\\\/\"},{\"@type\":\"ListItem\",\"position\":2,\"name\":\"The Madrid Audiovisual Cluster presents the Madrid Audiovisual Observatory\"}]},{\"@type\":\"WebSite\",\"@id\":\"https:\\\/\\\/clusteraudiovisualmadrid.es\\\/en\\\/#website\",\"url\":\"https:\\\/\\\/clusteraudiovisualmadrid.es\\\/en\\\/\",\"name\":\"Cluster Madrid\",\"description\":\"\",\"publisher\":{\"@id\":\"https:\\\/\\\/clusteraudiovisualmadrid.es\\\/en\\\/#organization\"},\"potentialAction\":[{\"@type\":\"SearchAction\",\"target\":{\"@type\":\"EntryPoint\",\"urlTemplate\":\"https:\\\/\\\/clusteraudiovisualmadrid.es\\\/en\\\/?s={search_term_string}\"},\"query-input\":{\"@type\":\"PropertyValueSpecification\",\"valueRequired\":true,\"valueName\":\"search_term_string\"}}],\"inLanguage\":\"en-US\"},{\"@type\":\"Organization\",\"@id\":\"https:\\\/\\\/clusteraudiovisualmadrid.es\\\/en\\\/#organization\",\"name\":\"Cluster Madrid\",\"url\":\"https:\\\/\\\/clusteraudiovisualmadrid.es\\\/en\\\/\",\"logo\":{\"@type\":\"ImageObject\",\"inLanguage\":\"en-US\",\"@id\":\"https:\\\/\\\/clusteraudiovisualmadrid.es\\\/en\\\/#\\\/schema\\\/logo\\\/image\\\/\",\"url\":\"https:\\\/\\\/clusteraudiovisualmadrid.es\\\/wp-content\\\/uploads\\\/2024\\\/09\\\/Grupo-53.svg\",\"contentUrl\":\"https:\\\/\\\/clusteraudiovisualmadrid.es\\\/wp-content\\\/uploads\\\/2024\\\/09\\\/Grupo-53.svg\",\"width\":66,\"height\":66,\"caption\":\"Cluster Madrid\"},\"image\":{\"@id\":\"https:\\\/\\\/clusteraudiovisualmadrid.es\\\/en\\\/#\\\/schema\\\/logo\\\/image\\\/\"}},{\"@type\":\"Person\",\"@id\":\"https:\\\/\\\/clusteraudiovisualmadrid.es\\\/en\\\/#\\\/schema\\\/person\\\/b90fdb31be5535150ffca6b0c5b5f01b\",\"name\":\"Redacci\u00f3n Cl\u00faster Audiovisual de Madrid\",\"image\":{\"@type\":\"ImageObject\",\"inLanguage\":\"en-US\",\"@id\":\"https:\\\/\\\/secure.gravatar.com\\\/avatar\\\/7f3d8b7a5d1a7749a31a9c572fd20d7dc0f10a77d64acd671d1d2bd2d90aeaea?s=96&r=g&d=https:\\\/\\\/clusteraudiovisualmadrid.es\\\/wp-content\\\/plugins\\\/userswp\\\/assets\\\/images\\\/no_profile.png\",\"url\":\"https:\\\/\\\/secure.gravatar.com\\\/avatar\\\/7f3d8b7a5d1a7749a31a9c572fd20d7dc0f10a77d64acd671d1d2bd2d90aeaea?s=96&r=g&d=https:\\\/\\\/clusteraudiovisualmadrid.es\\\/wp-content\\\/plugins\\\/userswp\\\/assets\\\/images\\\/no_profile.png\",\"contentUrl\":\"https:\\\/\\\/secure.gravatar.com\\\/avatar\\\/7f3d8b7a5d1a7749a31a9c572fd20d7dc0f10a77d64acd671d1d2bd2d90aeaea?s=96&r=g&d=https:\\\/\\\/clusteraudiovisualmadrid.es\\\/wp-content\\\/plugins\\\/userswp\\\/assets\\\/images\\\/no_profile.png\",\"caption\":\"Redacci\u00f3n Cl\u00faster Audiovisual de Madrid\"},\"description\":\"T\u00e9cnico de marketing en Brandominus.\",\"url\":\"https:\\\/\\\/clusteraudiovisualmadrid.es\\\/profile\\\/cluster_pablo\\\/\"}]}<\/script>\n<!-- \/ Yoast SEO plugin. -->","yoast_head_json":{"title":"The Madrid Audiovisual Cluster launches the Madrid Audiovisual Observatory","description":"The Madrid Audiovisual Cluster presents the Madrid Audiovisual Observatory, a new strategic space for data, agendas and trends in the sector.","robots":{"index":"index","follow":"follow","max-snippet":"max-snippet:-1","max-image-preview":"max-image-preview:large","max-video-preview":"max-video-preview:-1"},"canonical":"https:\/\/clusteraudiovisualmadrid.es\/en\/observatory-audiovisual-madrid-cluster-audiovisual\/","og_locale":"en_US","og_type":"article","og_title":"The Madrid Audiovisual Cluster launches the Madrid Audiovisual Observatory","og_description":"The Madrid Audiovisual Cluster presents the Madrid Audiovisual Observatory, a new strategic space for data, agendas and trends in the sector.","og_url":"https:\/\/clusteraudiovisualmadrid.es\/en\/observatory-audiovisual-madrid-cluster-audiovisual\/","og_site_name":"Cluster Madrid","article_published_time":"2025-11-27T09:21:35+00:00","article_modified_time":"2026-01-16T09:35:56+00:00","og_image":[{"width":2560,"height":1707,"url":"https:\/\/clusteraudiovisualmadrid.es\/wp-content\/uploads\/2026\/01\/20251126-ClusterAudiovisual-Asamblea-157-scaled.jpg","type":"image\/jpeg"}],"author":"Redacci\u00f3n Cl\u00faster Audiovisual de Madrid","twitter_card":"summary_large_image","twitter_misc":{"Written by":"Redacci\u00f3n Cl\u00faster Audiovisual de Madrid","Est. reading time":"4 minutes"},"schema":{"@context":"https:\/\/schema.org","@graph":[{"@type":"Article","@id":"https:\/\/clusteraudiovisualmadrid.es\/en\/observatory-audiovisual-madrid-cluster-audiovisual\/#article","isPartOf":{"@id":"https:\/\/clusteraudiovisualmadrid.es\/en\/observatory-audiovisual-madrid-cluster-audiovisual\/"},"author":{"name":"Redacci\u00f3n Cl\u00faster Audiovisual de Madrid","@id":"https:\/\/clusteraudiovisualmadrid.es\/en\/#\/schema\/person\/b90fdb31be5535150ffca6b0c5b5f01b"},"headline":"The Madrid Audiovisual Cluster presents the Madrid Audiovisual Observatory","datePublished":"2025-11-27T09:21:35+00:00","dateModified":"2026-01-16T09:35:56+00:00","mainEntityOfPage":{"@id":"https:\/\/clusteraudiovisualmadrid.es\/en\/observatory-audiovisual-madrid-cluster-audiovisual\/"},"wordCount":336,"publisher":{"@id":"https:\/\/clusteraudiovisualmadrid.es\/en\/#organization"},"image":{"@id":"https:\/\/clusteraudiovisualmadrid.es\/en\/observatory-audiovisual-madrid-cluster-audiovisual\/#primaryimage"},"thumbnailUrl":"https:\/\/clusteraudiovisualmadrid.es\/wp-content\/uploads\/2026\/01\/20251126-ClusterAudiovisual-Asamblea-157-scaled.jpg","articleSection":["News"],"inLanguage":"en-US"},{"@type":"WebPage","@id":"https:\/\/clusteraudiovisualmadrid.es\/en\/observatory-audiovisual-madrid-cluster-audiovisual\/","url":"https:\/\/clusteraudiovisualmadrid.es\/en\/observatory-audiovisual-madrid-cluster-audiovisual\/","name":"The Madrid Audiovisual Cluster launches the Madrid Audiovisual Observatory","isPartOf":{"@id":"https:\/\/clusteraudiovisualmadrid.es\/en\/#website"},"primaryImageOfPage":{"@id":"https:\/\/clusteraudiovisualmadrid.es\/en\/observatory-audiovisual-madrid-cluster-audiovisual\/#primaryimage"},"image":{"@id":"https:\/\/clusteraudiovisualmadrid.es\/en\/observatory-audiovisual-madrid-cluster-audiovisual\/#primaryimage"},"thumbnailUrl":"https:\/\/clusteraudiovisualmadrid.es\/wp-content\/uploads\/2026\/01\/20251126-ClusterAudiovisual-Asamblea-157-scaled.jpg","datePublished":"2025-11-27T09:21:35+00:00","dateModified":"2026-01-16T09:35:56+00:00","description":"The Madrid Audiovisual Cluster presents the Madrid Audiovisual Observatory, a new strategic space for data, agendas and trends in the sector.","breadcrumb":{"@id":"https:\/\/clusteraudiovisualmadrid.es\/en\/observatory-audiovisual-madrid-cluster-audiovisual\/#breadcrumb"},"inLanguage":"en-US","potentialAction":[{"@type":"ReadAction","target":["https:\/\/clusteraudiovisualmadrid.es\/en\/observatory-audiovisual-madrid-cluster-audiovisual\/"]}]},{"@type":"ImageObject","inLanguage":"en-US","@id":"https:\/\/clusteraudiovisualmadrid.es\/en\/observatory-audiovisual-madrid-cluster-audiovisual\/#primaryimage","url":"https:\/\/clusteraudiovisualmadrid.es\/wp-content\/uploads\/2026\/01\/20251126-ClusterAudiovisual-Asamblea-157-scaled.jpg","contentUrl":"https:\/\/clusteraudiovisualmadrid.es\/wp-content\/uploads\/2026\/01\/20251126-ClusterAudiovisual-Asamblea-157-scaled.jpg","width":2560,"height":1707},{"@type":"BreadcrumbList","@id":"https:\/\/clusteraudiovisualmadrid.es\/en\/observatory-audiovisual-madrid-cluster-audiovisual\/#breadcrumb","itemListElement":[{"@type":"ListItem","position":1,"name":"Portada","item":"https:\/\/clusteraudiovisualmadrid.es\/"},{"@type":"ListItem","position":2,"name":"The Madrid Audiovisual Cluster presents the Madrid Audiovisual Observatory"}]},{"@type":"WebSite","@id":"https:\/\/clusteraudiovisualmadrid.es\/en\/#website","url":"https:\/\/clusteraudiovisualmadrid.es\/en\/","name":"Cluster Madrid","description":"","publisher":{"@id":"https:\/\/clusteraudiovisualmadrid.es\/en\/#organization"},"potentialAction":[{"@type":"SearchAction","target":{"@type":"EntryPoint","urlTemplate":"https:\/\/clusteraudiovisualmadrid.es\/en\/?s={search_term_string}"},"query-input":{"@type":"PropertyValueSpecification","valueRequired":true,"valueName":"search_term_string"}}],"inLanguage":"en-US"},{"@type":"Organization","@id":"https:\/\/clusteraudiovisualmadrid.es\/en\/#organization","name":"Cluster Madrid","url":"https:\/\/clusteraudiovisualmadrid.es\/en\/","logo":{"@type":"ImageObject","inLanguage":"en-US","@id":"https:\/\/clusteraudiovisualmadrid.es\/en\/#\/schema\/logo\/image\/","url":"https:\/\/clusteraudiovisualmadrid.es\/wp-content\/uploads\/2024\/09\/Grupo-53.svg","contentUrl":"https:\/\/clusteraudiovisualmadrid.es\/wp-content\/uploads\/2024\/09\/Grupo-53.svg","width":66,"height":66,"caption":"Cluster Madrid"},"image":{"@id":"https:\/\/clusteraudiovisualmadrid.es\/en\/#\/schema\/logo\/image\/"}},{"@type":"Person","@id":"https:\/\/clusteraudiovisualmadrid.es\/en\/#\/schema\/person\/b90fdb31be5535150ffca6b0c5b5f01b","name":"Redacci\u00f3n Cl\u00faster Audiovisual de Madrid","image":{"@type":"ImageObject","inLanguage":"en-US","@id":"https:\/\/secure.gravatar.com\/avatar\/7f3d8b7a5d1a7749a31a9c572fd20d7dc0f10a77d64acd671d1d2bd2d90aeaea?s=96&r=g&d=https:\/\/clusteraudiovisualmadrid.es\/wp-content\/plugins\/userswp\/assets\/images\/no_profile.png","url":"https:\/\/secure.gravatar.com\/avatar\/7f3d8b7a5d1a7749a31a9c572fd20d7dc0f10a77d64acd671d1d2bd2d90aeaea?s=96&r=g&d=https:\/\/clusteraudiovisualmadrid.es\/wp-content\/plugins\/userswp\/assets\/images\/no_profile.png","contentUrl":"https:\/\/secure.gravatar.com\/avatar\/7f3d8b7a5d1a7749a31a9c572fd20d7dc0f10a77d64acd671d1d2bd2d90aeaea?s=96&r=g&d=https:\/\/clusteraudiovisualmadrid.es\/wp-content\/plugins\/userswp\/assets\/images\/no_profile.png","caption":"Redacci\u00f3n Cl\u00faster Audiovisual de Madrid"},"description":"T\u00e9cnico de marketing en Brandominus.","url":"https:\/\/clusteraudiovisualmadrid.es\/profile\/cluster_pablo\/"}]}},"_links":{"self":[{"href":"https:\/\/clusteraudiovisualmadrid.es\/en\/wp-json\/wp\/v2\/posts\/6974","targetHints":{"allow":["GET"]}}],"collection":[{"href":"https:\/\/clusteraudiovisualmadrid.es\/en\/wp-json\/wp\/v2\/posts"}],"about":[{"href":"https:\/\/clusteraudiovisualmadrid.es\/en\/wp-json\/wp\/v2\/types\/post"}],"author":[{"embeddable":true,"href":"https:\/\/clusteraudiovisualmadrid.es\/en\/wp-json\/wp\/v2\/users\/4"}],"replies":[{"embeddable":true,"href":"https:\/\/clusteraudiovisualmadrid.es\/en\/wp-json\/wp\/v2\/comments?post=6974"}],"version-history":[{"count":1,"href":"https:\/\/clusteraudiovisualmadrid.es\/en\/wp-json\/wp\/v2\/posts\/6974\/revisions"}],"predecessor-version":[{"id":6975,"href":"https:\/\/clusteraudiovisualmadrid.es\/en\/wp-json\/wp\/v2\/posts\/6974\/revisions\/6975"}],"wp:featuredmedia":[{"embeddable":true,"href":"https:\/\/clusteraudiovisualmadrid.es\/en\/wp-json\/wp\/v2\/media\/6938"}],"wp:attachment":[{"href":"https:\/\/clusteraudiovisualmadrid.es\/en\/wp-json\/wp\/v2\/media?parent=6974"}],"wp:term":[{"taxonomy":"category","embeddable":true,"href":"https:\/\/clusteraudiovisualmadrid.es\/en\/wp-json\/wp\/v2\/categories?post=6974"},{"taxonomy":"post_tag","embeddable":true,"href":"https:\/\/clusteraudiovisualmadrid.es\/en\/wp-json\/wp\/v2\/tags?post=6974"}],"curies":[{"name":"wp","href":"https:\/\/api.w.org\/{rel}","templated":true}]}}