{"id":5588,"date":"2025-07-02T12:53:36","date_gmt":"2025-07-02T11:53:36","guid":{"rendered":"https:\/\/clusteraudiovisualmadrid.es\/?p=5588"},"modified":"2025-08-19T13:11:01","modified_gmt":"2025-08-19T12:11:01","slug":"a-planet-of-cinema-forum-on-sustainability-and-innovation-in-the-audiovisual-world","status":"publish","type":"post","link":"https:\/\/clusteraudiovisualmadrid.es\/en\/a-planet-of-cinema-forum-on-sustainability-and-innovation-in-the-audiovisual-world\/","title":{"rendered":"A Planet of Cinema: Forum on Sustainability and Innovation in the Audiovisual World"},"content":{"rendered":"\t\t<div data-elementor-type=\"wp-post\" data-elementor-id=\"5588\" class=\"elementor elementor-5588\" data-elementor-post-type=\"post\">\n\t\t\t\t<div class=\"elementor-element elementor-element-2fae194 e-flex e-con-boxed e-con e-parent\" data-id=\"2fae194\" data-element_type=\"container\" data-e-type=\"container\">\n\t\t\t\t\t<div class=\"e-con-inner\">\n\t\t\t\t<div class=\"elementor-element elementor-element-43cbc99 elementor-widget elementor-widget-text-editor\" data-id=\"43cbc99\" data-element_type=\"widget\" data-e-type=\"widget\" data-widget_type=\"text-editor.default\">\n\t\t\t\t<div class=\"elementor-widget-container\">\n\t\t\t\t\t\t\t\t\t<p style=\"text-align: center;\"><span style=\"color: #d90f7e;\"><strong>2 de julio de 2025<\/strong><\/span><\/p><p style=\"text-align: center;\"><strong><a class=\"wp-block-button__link has-background wp-element-button\" style=\"border-radius: 5px; background-color: #d0087f;\" href=\"https:\/\/clusteraudiovisualmadrid.es\/un-planeta-de-cine-sostenibilidad-sector-audiovisual\/\" rel=\"noopener\">Go to the news<\/a><\/strong><\/p>\t\t\t\t\t\t\t\t<\/div>\n\t\t\t\t<\/div>\n\t\t\t\t\t<\/div>\n\t\t\t\t<\/div>\n\t\t\t\t<\/div>\n\t\t","protected":false},"excerpt":{"rendered":"<p>2 de julio de 2025 Go to the news<\/p>\n","protected":false},"author":4,"featured_media":5111,"comment_status":"closed","ping_status":"closed","sticky":false,"template":"","format":"standard","meta":{"footnotes":""},"categories":[32],"tags":[],"class_list":["post-5588","post","type-post","status-publish","format-standard","has-post-thumbnail","hentry","category-schedule"],"yoast_head":"<!-- This site is optimized with the Yoast SEO plugin v27.4 - https:\/\/yoast.com\/product\/yoast-seo-wordpress\/ -->\n<title>A Planet of Cinema: Forum on Sustainability and Innovation in the Audiovisual World - Cluster Madrid<\/title>\n<meta name=\"robots\" content=\"index, follow, max-snippet:-1, max-image-preview:large, max-video-preview:-1\" \/>\n<link rel=\"canonical\" href=\"https:\/\/clusteraudiovisualmadrid.es\/en\/a-planet-of-cinema-forum-on-sustainability-and-innovation-in-the-audiovisual-world\/\" \/>\n<meta property=\"og:locale\" content=\"en_US\" \/>\n<meta property=\"og:type\" content=\"article\" \/>\n<meta property=\"og:title\" content=\"A Planet of Cinema: Forum on Sustainability and Innovation in the Audiovisual World - Cluster Madrid\" \/>\n<meta property=\"og:description\" content=\"2 de julio de 2025 Go to the news\" \/>\n<meta property=\"og:url\" content=\"https:\/\/clusteraudiovisualmadrid.es\/en\/a-planet-of-cinema-forum-on-sustainability-and-innovation-in-the-audiovisual-world\/\" \/>\n<meta property=\"og:site_name\" content=\"Cluster Madrid\" \/>\n<meta property=\"article:published_time\" content=\"2025-07-02T11:53:36+00:00\" \/>\n<meta property=\"article:modified_time\" content=\"2025-08-19T12:11:01+00:00\" \/>\n<meta property=\"og:image\" content=\"https:\/\/clusteraudiovisualmadrid.es\/wp-content\/uploads\/2025\/07\/un-planeta-de-cine-agenda.png\" \/>\n\t<meta property=\"og:image:width\" content=\"390\" \/>\n\t<meta property=\"og:image:height\" content=\"290\" \/>\n\t<meta property=\"og:image:type\" content=\"image\/png\" \/>\n<meta name=\"author\" content=\"Redacci\u00f3n Cl\u00faster Audiovisual de Madrid\" \/>\n<meta name=\"twitter:card\" content=\"summary_large_image\" \/>\n<meta name=\"twitter:label1\" content=\"Written by\" \/>\n\t<meta name=\"twitter:data1\" content=\"Redacci\u00f3n Cl\u00faster Audiovisual de Madrid\" \/>\n\t<meta name=\"twitter:label2\" content=\"Est. reading time\" \/>\n\t<meta name=\"twitter:data2\" content=\"1 minute\" \/>\n<script type=\"application\/ld+json\" class=\"yoast-schema-graph\">{\"@context\":\"https:\\\/\\\/schema.org\",\"@graph\":[{\"@type\":\"Article\",\"@id\":\"https:\\\/\\\/clusteraudiovisualmadrid.es\\\/en\\\/a-planet-of-cinema-forum-on-sustainability-and-innovation-in-the-audiovisual-world\\\/#article\",\"isPartOf\":{\"@id\":\"https:\\\/\\\/clusteraudiovisualmadrid.es\\\/en\\\/a-planet-of-cinema-forum-on-sustainability-and-innovation-in-the-audiovisual-world\\\/\"},\"author\":{\"name\":\"Redacci\u00f3n Cl\u00faster Audiovisual de Madrid\",\"@id\":\"https:\\\/\\\/clusteraudiovisualmadrid.es\\\/en\\\/#\\\/schema\\\/person\\\/b90fdb31be5535150ffca6b0c5b5f01b\"},\"headline\":\"A Planet of Cinema: Forum on Sustainability and Innovation in the Audiovisual World\",\"datePublished\":\"2025-07-02T11:53:36+00:00\",\"dateModified\":\"2025-08-19T12:11:01+00:00\",\"mainEntityOfPage\":{\"@id\":\"https:\\\/\\\/clusteraudiovisualmadrid.es\\\/en\\\/a-planet-of-cinema-forum-on-sustainability-and-innovation-in-the-audiovisual-world\\\/\"},\"wordCount\":20,\"publisher\":{\"@id\":\"https:\\\/\\\/clusteraudiovisualmadrid.es\\\/en\\\/#organization\"},\"image\":{\"@id\":\"https:\\\/\\\/clusteraudiovisualmadrid.es\\\/en\\\/a-planet-of-cinema-forum-on-sustainability-and-innovation-in-the-audiovisual-world\\\/#primaryimage\"},\"thumbnailUrl\":\"https:\\\/\\\/clusteraudiovisualmadrid.es\\\/wp-content\\\/uploads\\\/2025\\\/07\\\/un-planeta-de-cine-agenda.png\",\"articleSection\":[\"Schedule\"],\"inLanguage\":\"en-US\"},{\"@type\":\"WebPage\",\"@id\":\"https:\\\/\\\/clusteraudiovisualmadrid.es\\\/en\\\/a-planet-of-cinema-forum-on-sustainability-and-innovation-in-the-audiovisual-world\\\/\",\"url\":\"https:\\\/\\\/clusteraudiovisualmadrid.es\\\/en\\\/a-planet-of-cinema-forum-on-sustainability-and-innovation-in-the-audiovisual-world\\\/\",\"name\":\"A Planet of Cinema: Forum on Sustainability and Innovation in the Audiovisual World - Cluster Madrid\",\"isPartOf\":{\"@id\":\"https:\\\/\\\/clusteraudiovisualmadrid.es\\\/en\\\/#website\"},\"primaryImageOfPage\":{\"@id\":\"https:\\\/\\\/clusteraudiovisualmadrid.es\\\/en\\\/a-planet-of-cinema-forum-on-sustainability-and-innovation-in-the-audiovisual-world\\\/#primaryimage\"},\"image\":{\"@id\":\"https:\\\/\\\/clusteraudiovisualmadrid.es\\\/en\\\/a-planet-of-cinema-forum-on-sustainability-and-innovation-in-the-audiovisual-world\\\/#primaryimage\"},\"thumbnailUrl\":\"https:\\\/\\\/clusteraudiovisualmadrid.es\\\/wp-content\\\/uploads\\\/2025\\\/07\\\/un-planeta-de-cine-agenda.png\",\"datePublished\":\"2025-07-02T11:53:36+00:00\",\"dateModified\":\"2025-08-19T12:11:01+00:00\",\"breadcrumb\":{\"@id\":\"https:\\\/\\\/clusteraudiovisualmadrid.es\\\/en\\\/a-planet-of-cinema-forum-on-sustainability-and-innovation-in-the-audiovisual-world\\\/#breadcrumb\"},\"inLanguage\":\"en-US\",\"potentialAction\":[{\"@type\":\"ReadAction\",\"target\":[\"https:\\\/\\\/clusteraudiovisualmadrid.es\\\/en\\\/a-planet-of-cinema-forum-on-sustainability-and-innovation-in-the-audiovisual-world\\\/\"]}]},{\"@type\":\"ImageObject\",\"inLanguage\":\"en-US\",\"@id\":\"https:\\\/\\\/clusteraudiovisualmadrid.es\\\/en\\\/a-planet-of-cinema-forum-on-sustainability-and-innovation-in-the-audiovisual-world\\\/#primaryimage\",\"url\":\"https:\\\/\\\/clusteraudiovisualmadrid.es\\\/wp-content\\\/uploads\\\/2025\\\/07\\\/un-planeta-de-cine-agenda.png\",\"contentUrl\":\"https:\\\/\\\/clusteraudiovisualmadrid.es\\\/wp-content\\\/uploads\\\/2025\\\/07\\\/un-planeta-de-cine-agenda.png\",\"width\":390,\"height\":290,\"caption\":\"un planeta de cine\"},{\"@type\":\"BreadcrumbList\",\"@id\":\"https:\\\/\\\/clusteraudiovisualmadrid.es\\\/en\\\/a-planet-of-cinema-forum-on-sustainability-and-innovation-in-the-audiovisual-world\\\/#breadcrumb\",\"itemListElement\":[{\"@type\":\"ListItem\",\"position\":1,\"name\":\"Portada\",\"item\":\"https:\\\/\\\/clusteraudiovisualmadrid.es\\\/\"},{\"@type\":\"ListItem\",\"position\":2,\"name\":\"A Planet of Cinema: Forum on Sustainability and Innovation in the Audiovisual World\"}]},{\"@type\":\"WebSite\",\"@id\":\"https:\\\/\\\/clusteraudiovisualmadrid.es\\\/en\\\/#website\",\"url\":\"https:\\\/\\\/clusteraudiovisualmadrid.es\\\/en\\\/\",\"name\":\"Cluster Madrid\",\"description\":\"\",\"publisher\":{\"@id\":\"https:\\\/\\\/clusteraudiovisualmadrid.es\\\/en\\\/#organization\"},\"potentialAction\":[{\"@type\":\"SearchAction\",\"target\":{\"@type\":\"EntryPoint\",\"urlTemplate\":\"https:\\\/\\\/clusteraudiovisualmadrid.es\\\/en\\\/?s={search_term_string}\"},\"query-input\":{\"@type\":\"PropertyValueSpecification\",\"valueRequired\":true,\"valueName\":\"search_term_string\"}}],\"inLanguage\":\"en-US\"},{\"@type\":\"Organization\",\"@id\":\"https:\\\/\\\/clusteraudiovisualmadrid.es\\\/en\\\/#organization\",\"name\":\"Cluster Madrid\",\"url\":\"https:\\\/\\\/clusteraudiovisualmadrid.es\\\/en\\\/\",\"logo\":{\"@type\":\"ImageObject\",\"inLanguage\":\"en-US\",\"@id\":\"https:\\\/\\\/clusteraudiovisualmadrid.es\\\/en\\\/#\\\/schema\\\/logo\\\/image\\\/\",\"url\":\"https:\\\/\\\/clusteraudiovisualmadrid.es\\\/wp-content\\\/uploads\\\/2024\\\/09\\\/Grupo-53.svg\",\"contentUrl\":\"https:\\\/\\\/clusteraudiovisualmadrid.es\\\/wp-content\\\/uploads\\\/2024\\\/09\\\/Grupo-53.svg\",\"width\":66,\"height\":66,\"caption\":\"Cluster Madrid\"},\"image\":{\"@id\":\"https:\\\/\\\/clusteraudiovisualmadrid.es\\\/en\\\/#\\\/schema\\\/logo\\\/image\\\/\"}},{\"@type\":\"Person\",\"@id\":\"https:\\\/\\\/clusteraudiovisualmadrid.es\\\/en\\\/#\\\/schema\\\/person\\\/b90fdb31be5535150ffca6b0c5b5f01b\",\"name\":\"Redacci\u00f3n Cl\u00faster Audiovisual de Madrid\",\"image\":{\"@type\":\"ImageObject\",\"inLanguage\":\"en-US\",\"@id\":\"https:\\\/\\\/secure.gravatar.com\\\/avatar\\\/7f3d8b7a5d1a7749a31a9c572fd20d7dc0f10a77d64acd671d1d2bd2d90aeaea?s=96&r=g&d=https:\\\/\\\/clusteraudiovisualmadrid.es\\\/wp-content\\\/plugins\\\/userswp\\\/assets\\\/images\\\/no_profile.png\",\"url\":\"https:\\\/\\\/secure.gravatar.com\\\/avatar\\\/7f3d8b7a5d1a7749a31a9c572fd20d7dc0f10a77d64acd671d1d2bd2d90aeaea?s=96&r=g&d=https:\\\/\\\/clusteraudiovisualmadrid.es\\\/wp-content\\\/plugins\\\/userswp\\\/assets\\\/images\\\/no_profile.png\",\"contentUrl\":\"https:\\\/\\\/secure.gravatar.com\\\/avatar\\\/7f3d8b7a5d1a7749a31a9c572fd20d7dc0f10a77d64acd671d1d2bd2d90aeaea?s=96&r=g&d=https:\\\/\\\/clusteraudiovisualmadrid.es\\\/wp-content\\\/plugins\\\/userswp\\\/assets\\\/images\\\/no_profile.png\",\"caption\":\"Redacci\u00f3n Cl\u00faster Audiovisual de Madrid\"},\"description\":\"T\u00e9cnico de marketing en Brandominus.\",\"url\":\"https:\\\/\\\/clusteraudiovisualmadrid.es\\\/profile\\\/cluster_pablo\\\/\"}]}<\/script>\n<!-- \/ Yoast SEO plugin. -->","yoast_head_json":{"title":"A Planet of Cinema: Forum on Sustainability and Innovation in the Audiovisual World - Cluster Madrid","robots":{"index":"index","follow":"follow","max-snippet":"max-snippet:-1","max-image-preview":"max-image-preview:large","max-video-preview":"max-video-preview:-1"},"canonical":"https:\/\/clusteraudiovisualmadrid.es\/en\/a-planet-of-cinema-forum-on-sustainability-and-innovation-in-the-audiovisual-world\/","og_locale":"en_US","og_type":"article","og_title":"A Planet of Cinema: Forum on Sustainability and Innovation in the Audiovisual World - Cluster Madrid","og_description":"2 de julio de 2025 Go to the news","og_url":"https:\/\/clusteraudiovisualmadrid.es\/en\/a-planet-of-cinema-forum-on-sustainability-and-innovation-in-the-audiovisual-world\/","og_site_name":"Cluster Madrid","article_published_time":"2025-07-02T11:53:36+00:00","article_modified_time":"2025-08-19T12:11:01+00:00","og_image":[{"width":390,"height":290,"url":"https:\/\/clusteraudiovisualmadrid.es\/wp-content\/uploads\/2025\/07\/un-planeta-de-cine-agenda.png","type":"image\/png"}],"author":"Redacci\u00f3n Cl\u00faster Audiovisual de Madrid","twitter_card":"summary_large_image","twitter_misc":{"Written by":"Redacci\u00f3n Cl\u00faster Audiovisual de Madrid","Est. reading time":"1 minute"},"schema":{"@context":"https:\/\/schema.org","@graph":[{"@type":"Article","@id":"https:\/\/clusteraudiovisualmadrid.es\/en\/a-planet-of-cinema-forum-on-sustainability-and-innovation-in-the-audiovisual-world\/#article","isPartOf":{"@id":"https:\/\/clusteraudiovisualmadrid.es\/en\/a-planet-of-cinema-forum-on-sustainability-and-innovation-in-the-audiovisual-world\/"},"author":{"name":"Redacci\u00f3n Cl\u00faster Audiovisual de Madrid","@id":"https:\/\/clusteraudiovisualmadrid.es\/en\/#\/schema\/person\/b90fdb31be5535150ffca6b0c5b5f01b"},"headline":"A Planet of Cinema: Forum on Sustainability and Innovation in the Audiovisual World","datePublished":"2025-07-02T11:53:36+00:00","dateModified":"2025-08-19T12:11:01+00:00","mainEntityOfPage":{"@id":"https:\/\/clusteraudiovisualmadrid.es\/en\/a-planet-of-cinema-forum-on-sustainability-and-innovation-in-the-audiovisual-world\/"},"wordCount":20,"publisher":{"@id":"https:\/\/clusteraudiovisualmadrid.es\/en\/#organization"},"image":{"@id":"https:\/\/clusteraudiovisualmadrid.es\/en\/a-planet-of-cinema-forum-on-sustainability-and-innovation-in-the-audiovisual-world\/#primaryimage"},"thumbnailUrl":"https:\/\/clusteraudiovisualmadrid.es\/wp-content\/uploads\/2025\/07\/un-planeta-de-cine-agenda.png","articleSection":["Schedule"],"inLanguage":"en-US"},{"@type":"WebPage","@id":"https:\/\/clusteraudiovisualmadrid.es\/en\/a-planet-of-cinema-forum-on-sustainability-and-innovation-in-the-audiovisual-world\/","url":"https:\/\/clusteraudiovisualmadrid.es\/en\/a-planet-of-cinema-forum-on-sustainability-and-innovation-in-the-audiovisual-world\/","name":"A Planet of Cinema: Forum on Sustainability and Innovation in the Audiovisual World - Cluster Madrid","isPartOf":{"@id":"https:\/\/clusteraudiovisualmadrid.es\/en\/#website"},"primaryImageOfPage":{"@id":"https:\/\/clusteraudiovisualmadrid.es\/en\/a-planet-of-cinema-forum-on-sustainability-and-innovation-in-the-audiovisual-world\/#primaryimage"},"image":{"@id":"https:\/\/clusteraudiovisualmadrid.es\/en\/a-planet-of-cinema-forum-on-sustainability-and-innovation-in-the-audiovisual-world\/#primaryimage"},"thumbnailUrl":"https:\/\/clusteraudiovisualmadrid.es\/wp-content\/uploads\/2025\/07\/un-planeta-de-cine-agenda.png","datePublished":"2025-07-02T11:53:36+00:00","dateModified":"2025-08-19T12:11:01+00:00","breadcrumb":{"@id":"https:\/\/clusteraudiovisualmadrid.es\/en\/a-planet-of-cinema-forum-on-sustainability-and-innovation-in-the-audiovisual-world\/#breadcrumb"},"inLanguage":"en-US","potentialAction":[{"@type":"ReadAction","target":["https:\/\/clusteraudiovisualmadrid.es\/en\/a-planet-of-cinema-forum-on-sustainability-and-innovation-in-the-audiovisual-world\/"]}]},{"@type":"ImageObject","inLanguage":"en-US","@id":"https:\/\/clusteraudiovisualmadrid.es\/en\/a-planet-of-cinema-forum-on-sustainability-and-innovation-in-the-audiovisual-world\/#primaryimage","url":"https:\/\/clusteraudiovisualmadrid.es\/wp-content\/uploads\/2025\/07\/un-planeta-de-cine-agenda.png","contentUrl":"https:\/\/clusteraudiovisualmadrid.es\/wp-content\/uploads\/2025\/07\/un-planeta-de-cine-agenda.png","width":390,"height":290,"caption":"un planeta de cine"},{"@type":"BreadcrumbList","@id":"https:\/\/clusteraudiovisualmadrid.es\/en\/a-planet-of-cinema-forum-on-sustainability-and-innovation-in-the-audiovisual-world\/#breadcrumb","itemListElement":[{"@type":"ListItem","position":1,"name":"Portada","item":"https:\/\/clusteraudiovisualmadrid.es\/"},{"@type":"ListItem","position":2,"name":"A Planet of Cinema: Forum on Sustainability and Innovation in the Audiovisual World"}]},{"@type":"WebSite","@id":"https:\/\/clusteraudiovisualmadrid.es\/en\/#website","url":"https:\/\/clusteraudiovisualmadrid.es\/en\/","name":"Cluster Madrid","description":"","publisher":{"@id":"https:\/\/clusteraudiovisualmadrid.es\/en\/#organization"},"potentialAction":[{"@type":"SearchAction","target":{"@type":"EntryPoint","urlTemplate":"https:\/\/clusteraudiovisualmadrid.es\/en\/?s={search_term_string}"},"query-input":{"@type":"PropertyValueSpecification","valueRequired":true,"valueName":"search_term_string"}}],"inLanguage":"en-US"},{"@type":"Organization","@id":"https:\/\/clusteraudiovisualmadrid.es\/en\/#organization","name":"Cluster Madrid","url":"https:\/\/clusteraudiovisualmadrid.es\/en\/","logo":{"@type":"ImageObject","inLanguage":"en-US","@id":"https:\/\/clusteraudiovisualmadrid.es\/en\/#\/schema\/logo\/image\/","url":"https:\/\/clusteraudiovisualmadrid.es\/wp-content\/uploads\/2024\/09\/Grupo-53.svg","contentUrl":"https:\/\/clusteraudiovisualmadrid.es\/wp-content\/uploads\/2024\/09\/Grupo-53.svg","width":66,"height":66,"caption":"Cluster Madrid"},"image":{"@id":"https:\/\/clusteraudiovisualmadrid.es\/en\/#\/schema\/logo\/image\/"}},{"@type":"Person","@id":"https:\/\/clusteraudiovisualmadrid.es\/en\/#\/schema\/person\/b90fdb31be5535150ffca6b0c5b5f01b","name":"Redacci\u00f3n Cl\u00faster Audiovisual de Madrid","image":{"@type":"ImageObject","inLanguage":"en-US","@id":"https:\/\/secure.gravatar.com\/avatar\/7f3d8b7a5d1a7749a31a9c572fd20d7dc0f10a77d64acd671d1d2bd2d90aeaea?s=96&r=g&d=https:\/\/clusteraudiovisualmadrid.es\/wp-content\/plugins\/userswp\/assets\/images\/no_profile.png","url":"https:\/\/secure.gravatar.com\/avatar\/7f3d8b7a5d1a7749a31a9c572fd20d7dc0f10a77d64acd671d1d2bd2d90aeaea?s=96&r=g&d=https:\/\/clusteraudiovisualmadrid.es\/wp-content\/plugins\/userswp\/assets\/images\/no_profile.png","contentUrl":"https:\/\/secure.gravatar.com\/avatar\/7f3d8b7a5d1a7749a31a9c572fd20d7dc0f10a77d64acd671d1d2bd2d90aeaea?s=96&r=g&d=https:\/\/clusteraudiovisualmadrid.es\/wp-content\/plugins\/userswp\/assets\/images\/no_profile.png","caption":"Redacci\u00f3n Cl\u00faster Audiovisual de Madrid"},"description":"T\u00e9cnico de marketing en Brandominus.","url":"https:\/\/clusteraudiovisualmadrid.es\/profile\/cluster_pablo\/"}]}},"_links":{"self":[{"href":"https:\/\/clusteraudiovisualmadrid.es\/en\/wp-json\/wp\/v2\/posts\/5588","targetHints":{"allow":["GET"]}}],"collection":[{"href":"https:\/\/clusteraudiovisualmadrid.es\/en\/wp-json\/wp\/v2\/posts"}],"about":[{"href":"https:\/\/clusteraudiovisualmadrid.es\/en\/wp-json\/wp\/v2\/types\/post"}],"author":[{"embeddable":true,"href":"https:\/\/clusteraudiovisualmadrid.es\/en\/wp-json\/wp\/v2\/users\/4"}],"replies":[{"embeddable":true,"href":"https:\/\/clusteraudiovisualmadrid.es\/en\/wp-json\/wp\/v2\/comments?post=5588"}],"version-history":[{"count":0,"href":"https:\/\/clusteraudiovisualmadrid.es\/en\/wp-json\/wp\/v2\/posts\/5588\/revisions"}],"wp:featuredmedia":[{"embeddable":true,"href":"https:\/\/clusteraudiovisualmadrid.es\/en\/wp-json\/wp\/v2\/media\/5111"}],"wp:attachment":[{"href":"https:\/\/clusteraudiovisualmadrid.es\/en\/wp-json\/wp\/v2\/media?parent=5588"}],"wp:term":[{"taxonomy":"category","embeddable":true,"href":"https:\/\/clusteraudiovisualmadrid.es\/en\/wp-json\/wp\/v2\/categories?post=5588"},{"taxonomy":"post_tag","embeddable":true,"href":"https:\/\/clusteraudiovisualmadrid.es\/en\/wp-json\/wp\/v2\/tags?post=5588"}],"curies":[{"name":"wp","href":"https:\/\/api.w.org\/{rel}","templated":true}]}}