{"id":4697,"date":"2025-04-28T11:21:52","date_gmt":"2025-04-28T10:21:52","guid":{"rendered":"https:\/\/clusteraudiovisualmadrid.es\/?p=4697"},"modified":"2025-05-20T11:49:05","modified_gmt":"2025-05-20T10:49:05","slug":"cluster-holds-general-assembly-with-members","status":"publish","type":"post","link":"https:\/\/clusteraudiovisualmadrid.es\/en\/cluster-holds-general-assembly-with-members\/","title":{"rendered":"The Madrid Audiovisual Cluster Holds its General Assembly and Advances New Projects"},"content":{"rendered":"\n<ul class=\"wp-block-list\">\n<li>The assembly was chaired by <strong>Ra\u00fal Berdon\u00e9s<\/strong>, president of the Cluster representing Secuoya Content Group, and included the participation of <strong>Gonzalo Cabrera<\/strong>, Director General of Cultural Promotion of the Community of Madrid; <strong>Nacho Carballo<\/strong>, Audiovisual Industries Advisor of the Community of Madrid; and <strong>Rosario Urd\u00edn<\/strong>, Technical Advisor of the Madrid City Council.<\/li>\n<\/ul>\n\n\n\n<ul class=\"wp-block-list\">\n<li><strong>Mar\u00eda Coronado<\/strong>, Director of Audiovisual at the State Society for Technological Transformation (SETT), also attended the session to share the latest updates on SETT\u2019s investment plan.<\/li>\n<\/ul>\n\n\n\n<ul class=\"wp-block-list\">\n<li>The Cluster now represents nearly one hundred entities spanning the entire value chain of the audiovisual industry in Madrid.<\/li>\n<\/ul>\n\n\n\n<p><\/p>\n\n\n\n<p>Madrid, April 28, 2025 &#8211; The ordinary general <strong>assembly of the Madrid Audiovisual Cluster<\/strong> was held last Thursday, welcoming new members who have joined in recent months. The meeting took place on the set of member company Estudio Super8 in central Madrid and served as a space to review achievements, set new challenges, and continue guiding the sector\u2019s growth.<\/p>\n\n\n\n<p>The session included the participation of<strong> Ra\u00fal Berdon\u00e9s<\/strong>, president of the Cluster representing Secuoya Content Group; <strong>Gonzalo Cabrera<\/strong>, Director General of Cultural Promotion of the Community of Madrid; <strong>Nacho Carballo<\/strong>, Audiovisual Industries Advisor of the Community of Madrid; <strong>Rosario Urd\u00edn<\/strong>, Technical Advisor of the Madrid City Council; <strong>Teresa Azcona<\/strong>, Managing Director of the Cluster; and <strong>Patricia Motilla<\/strong>, Secretary of the Cluster.<\/p>\n\n\n\n<p>During the assembly, the annual accounts, the 2024 report, and the management of the Board of Directors were approved. The statutes were also updated, creating a new position: <strong>Board Member for Markets and Regulation<\/strong>.<\/p>\n\n\n\n<p>Activities carried out and planned for 2025 were also presented. Among the highlights is the <strong>1st Madrid Audiovisual Investment Forum<\/strong>, held successfully in January to explore new long-term funding and investment opportunities in the sector.<\/p>\n\n\n\n<p>As for upcoming actions, the Cluster is already working on organizing an <strong>independent film financing forum<\/strong> in June in collaboration with ECAM, and a <strong>sustainability meeting <\/strong>in July with Mrs. Greenfilm and T\u00fcv S\u00fcd, leading companies in environmental consulting and\/or sustainable development. Additionally, <strong>the Madrid Audiovisual Observatory<\/strong> will be launched.<\/p>\n\n\n\n<p>At the end of the meeting, attendees had the opportunity to speak with <strong>Mar\u00eda Coronado<\/strong>, Director of Audiovisual at SETT, who shared the latest news on SETT\u2019s investment plan.<\/p>\n\n\n\n<p>This fund is part of the <strong>Spain Audiovisual Hub Plan<\/strong>, aimed at consolidating and boosting the Spanish audiovisual industry as a strategic sector for the country. During the talk, the various support and funding programs were presented, with a total allocation of \u20ac1.712 billion for the audiovisual sector.<\/p>\n\n\n\n<p>In addition to the City Council and the Community of Madrid as institutional partners, the Cluster currently has <strong><a href=\"https:\/\/clusteraudiovisualmadrid.es\/en\/about-us\/partners-directory\/\" target=\"_blank\" rel=\"noreferrer noopener\">97 members<\/a><\/strong>, including production companies, distributors, exhibitors, platforms, financial entities, law firms, universities, service companies, banking institutions, and more.<\/p>\n\n\n\n<p><strong><a href=\"https:\/\/clusteraudiovisualmadrid.es\/en\/\" target=\"_blank\" rel=\"noreferrer noopener\">The Madrid Audiovisual Cluster<\/a><\/strong> aims to strengthen Madrid&#8217;s audiovisual sector by fostering cohesion and mutual support among companies. It actively promotes the development of value- and talent-driven projects and encourages synergies with Madrid&#8217;s business, industrial, and service ecosystems, as well as with public administration, universities, training centers, and other economic stakeholders.<\/p>\n","protected":false},"excerpt":{"rendered":"<p>The Madrid Audiovisual Cluster holds its general assembly, drives new projects, and consolidates its growth with 97 member entities.<\/p>\n","protected":false},"author":4,"featured_media":4492,"comment_status":"closed","ping_status":"closed","sticky":false,"template":"","format":"standard","meta":{"footnotes":""},"categories":[17],"tags":[30],"class_list":["post-4697","post","type-post","status-publish","format-standard","has-post-thumbnail","hentry","category-news","tag-featured"],"yoast_head":"<!-- This site is optimized with the Yoast SEO plugin v27.4 - https:\/\/yoast.com\/product\/yoast-seo-wordpress\/ -->\n<title>The Madrid Audiovisual Cluster holds its General Assembly of Members.<\/title>\n<meta name=\"description\" content=\"The Madrid Audiovisual Cluster holds its General Assembly and moves forward with the launch of new projects.\" \/>\n<meta name=\"robots\" content=\"index, follow, max-snippet:-1, max-image-preview:large, max-video-preview:-1\" \/>\n<link rel=\"canonical\" href=\"https:\/\/clusteraudiovisualmadrid.es\/en\/cluster-holds-general-assembly-with-members\/\" \/>\n<meta property=\"og:locale\" content=\"en_US\" \/>\n<meta property=\"og:type\" content=\"article\" \/>\n<meta property=\"og:title\" content=\"The Madrid Audiovisual Cluster holds its General Assembly of Members.\" \/>\n<meta property=\"og:description\" content=\"The Madrid Audiovisual Cluster holds its General Assembly and moves forward with the launch of new projects.\" \/>\n<meta property=\"og:url\" content=\"https:\/\/clusteraudiovisualmadrid.es\/en\/cluster-holds-general-assembly-with-members\/\" \/>\n<meta property=\"og:site_name\" content=\"Cluster Madrid\" \/>\n<meta property=\"article:published_time\" content=\"2025-04-28T10:21:52+00:00\" \/>\n<meta property=\"article:modified_time\" content=\"2025-05-20T10:49:05+00:00\" \/>\n<meta property=\"og:image\" content=\"https:\/\/clusteraudiovisualmadrid.es\/wp-content\/uploads\/2025\/04\/5-scaled.jpg\" \/>\n\t<meta property=\"og:image:width\" content=\"2560\" \/>\n\t<meta property=\"og:image:height\" content=\"1920\" \/>\n\t<meta property=\"og:image:type\" content=\"image\/jpeg\" \/>\n<meta name=\"author\" content=\"Redacci\u00f3n Cl\u00faster Audiovisual de Madrid\" \/>\n<meta name=\"twitter:card\" content=\"summary_large_image\" \/>\n<meta name=\"twitter:label1\" content=\"Written by\" \/>\n\t<meta name=\"twitter:data1\" content=\"Redacci\u00f3n Cl\u00faster Audiovisual de Madrid\" \/>\n\t<meta name=\"twitter:label2\" content=\"Est. reading time\" \/>\n\t<meta name=\"twitter:data2\" content=\"3 minutes\" \/>\n<script type=\"application\/ld+json\" class=\"yoast-schema-graph\">{\"@context\":\"https:\\\/\\\/schema.org\",\"@graph\":[{\"@type\":\"Article\",\"@id\":\"https:\\\/\\\/clusteraudiovisualmadrid.es\\\/en\\\/cluster-holds-general-assembly-with-members\\\/#article\",\"isPartOf\":{\"@id\":\"https:\\\/\\\/clusteraudiovisualmadrid.es\\\/en\\\/cluster-holds-general-assembly-with-members\\\/\"},\"author\":{\"name\":\"Redacci\u00f3n Cl\u00faster Audiovisual de Madrid\",\"@id\":\"https:\\\/\\\/clusteraudiovisualmadrid.es\\\/en\\\/#\\\/schema\\\/person\\\/b90fdb31be5535150ffca6b0c5b5f01b\"},\"headline\":\"The Madrid Audiovisual Cluster Holds its General Assembly and Advances New Projects\",\"datePublished\":\"2025-04-28T10:21:52+00:00\",\"dateModified\":\"2025-05-20T10:49:05+00:00\",\"mainEntityOfPage\":{\"@id\":\"https:\\\/\\\/clusteraudiovisualmadrid.es\\\/en\\\/cluster-holds-general-assembly-with-members\\\/\"},\"wordCount\":523,\"publisher\":{\"@id\":\"https:\\\/\\\/clusteraudiovisualmadrid.es\\\/en\\\/#organization\"},\"image\":{\"@id\":\"https:\\\/\\\/clusteraudiovisualmadrid.es\\\/en\\\/cluster-holds-general-assembly-with-members\\\/#primaryimage\"},\"thumbnailUrl\":\"https:\\\/\\\/clusteraudiovisualmadrid.es\\\/wp-content\\\/uploads\\\/2025\\\/04\\\/5-scaled.jpg\",\"keywords\":[\"Featured\"],\"articleSection\":[\"News\"],\"inLanguage\":\"en-US\"},{\"@type\":\"WebPage\",\"@id\":\"https:\\\/\\\/clusteraudiovisualmadrid.es\\\/en\\\/cluster-holds-general-assembly-with-members\\\/\",\"url\":\"https:\\\/\\\/clusteraudiovisualmadrid.es\\\/en\\\/cluster-holds-general-assembly-with-members\\\/\",\"name\":\"The Madrid Audiovisual Cluster holds its General Assembly of Members.\",\"isPartOf\":{\"@id\":\"https:\\\/\\\/clusteraudiovisualmadrid.es\\\/en\\\/#website\"},\"primaryImageOfPage\":{\"@id\":\"https:\\\/\\\/clusteraudiovisualmadrid.es\\\/en\\\/cluster-holds-general-assembly-with-members\\\/#primaryimage\"},\"image\":{\"@id\":\"https:\\\/\\\/clusteraudiovisualmadrid.es\\\/en\\\/cluster-holds-general-assembly-with-members\\\/#primaryimage\"},\"thumbnailUrl\":\"https:\\\/\\\/clusteraudiovisualmadrid.es\\\/wp-content\\\/uploads\\\/2025\\\/04\\\/5-scaled.jpg\",\"datePublished\":\"2025-04-28T10:21:52+00:00\",\"dateModified\":\"2025-05-20T10:49:05+00:00\",\"description\":\"The Madrid Audiovisual Cluster holds its General Assembly and moves forward with the launch of new projects.\",\"breadcrumb\":{\"@id\":\"https:\\\/\\\/clusteraudiovisualmadrid.es\\\/en\\\/cluster-holds-general-assembly-with-members\\\/#breadcrumb\"},\"inLanguage\":\"en-US\",\"potentialAction\":[{\"@type\":\"ReadAction\",\"target\":[\"https:\\\/\\\/clusteraudiovisualmadrid.es\\\/en\\\/cluster-holds-general-assembly-with-members\\\/\"]}]},{\"@type\":\"ImageObject\",\"inLanguage\":\"en-US\",\"@id\":\"https:\\\/\\\/clusteraudiovisualmadrid.es\\\/en\\\/cluster-holds-general-assembly-with-members\\\/#primaryimage\",\"url\":\"https:\\\/\\\/clusteraudiovisualmadrid.es\\\/wp-content\\\/uploads\\\/2025\\\/04\\\/5-scaled.jpg\",\"contentUrl\":\"https:\\\/\\\/clusteraudiovisualmadrid.es\\\/wp-content\\\/uploads\\\/2025\\\/04\\\/5-scaled.jpg\",\"width\":2560,\"height\":1920,\"caption\":\"imagen de la asamblea general de socios del Cluster Audiovisual de Madrid\"},{\"@type\":\"BreadcrumbList\",\"@id\":\"https:\\\/\\\/clusteraudiovisualmadrid.es\\\/en\\\/cluster-holds-general-assembly-with-members\\\/#breadcrumb\",\"itemListElement\":[{\"@type\":\"ListItem\",\"position\":1,\"name\":\"Portada\",\"item\":\"https:\\\/\\\/clusteraudiovisualmadrid.es\\\/\"},{\"@type\":\"ListItem\",\"position\":2,\"name\":\"The Madrid Audiovisual Cluster Holds its General Assembly and Advances New Projects\"}]},{\"@type\":\"WebSite\",\"@id\":\"https:\\\/\\\/clusteraudiovisualmadrid.es\\\/en\\\/#website\",\"url\":\"https:\\\/\\\/clusteraudiovisualmadrid.es\\\/en\\\/\",\"name\":\"Cluster Madrid\",\"description\":\"\",\"publisher\":{\"@id\":\"https:\\\/\\\/clusteraudiovisualmadrid.es\\\/en\\\/#organization\"},\"potentialAction\":[{\"@type\":\"SearchAction\",\"target\":{\"@type\":\"EntryPoint\",\"urlTemplate\":\"https:\\\/\\\/clusteraudiovisualmadrid.es\\\/en\\\/?s={search_term_string}\"},\"query-input\":{\"@type\":\"PropertyValueSpecification\",\"valueRequired\":true,\"valueName\":\"search_term_string\"}}],\"inLanguage\":\"en-US\"},{\"@type\":\"Organization\",\"@id\":\"https:\\\/\\\/clusteraudiovisualmadrid.es\\\/en\\\/#organization\",\"name\":\"Cluster Madrid\",\"url\":\"https:\\\/\\\/clusteraudiovisualmadrid.es\\\/en\\\/\",\"logo\":{\"@type\":\"ImageObject\",\"inLanguage\":\"en-US\",\"@id\":\"https:\\\/\\\/clusteraudiovisualmadrid.es\\\/en\\\/#\\\/schema\\\/logo\\\/image\\\/\",\"url\":\"https:\\\/\\\/clusteraudiovisualmadrid.es\\\/wp-content\\\/uploads\\\/2024\\\/09\\\/Grupo-53.svg\",\"contentUrl\":\"https:\\\/\\\/clusteraudiovisualmadrid.es\\\/wp-content\\\/uploads\\\/2024\\\/09\\\/Grupo-53.svg\",\"width\":66,\"height\":66,\"caption\":\"Cluster Madrid\"},\"image\":{\"@id\":\"https:\\\/\\\/clusteraudiovisualmadrid.es\\\/en\\\/#\\\/schema\\\/logo\\\/image\\\/\"}},{\"@type\":\"Person\",\"@id\":\"https:\\\/\\\/clusteraudiovisualmadrid.es\\\/en\\\/#\\\/schema\\\/person\\\/b90fdb31be5535150ffca6b0c5b5f01b\",\"name\":\"Redacci\u00f3n Cl\u00faster Audiovisual de Madrid\",\"image\":{\"@type\":\"ImageObject\",\"inLanguage\":\"en-US\",\"@id\":\"https:\\\/\\\/secure.gravatar.com\\\/avatar\\\/7f3d8b7a5d1a7749a31a9c572fd20d7dc0f10a77d64acd671d1d2bd2d90aeaea?s=96&r=g&d=https:\\\/\\\/clusteraudiovisualmadrid.es\\\/wp-content\\\/plugins\\\/userswp\\\/assets\\\/images\\\/no_profile.png\",\"url\":\"https:\\\/\\\/secure.gravatar.com\\\/avatar\\\/7f3d8b7a5d1a7749a31a9c572fd20d7dc0f10a77d64acd671d1d2bd2d90aeaea?s=96&r=g&d=https:\\\/\\\/clusteraudiovisualmadrid.es\\\/wp-content\\\/plugins\\\/userswp\\\/assets\\\/images\\\/no_profile.png\",\"contentUrl\":\"https:\\\/\\\/secure.gravatar.com\\\/avatar\\\/7f3d8b7a5d1a7749a31a9c572fd20d7dc0f10a77d64acd671d1d2bd2d90aeaea?s=96&r=g&d=https:\\\/\\\/clusteraudiovisualmadrid.es\\\/wp-content\\\/plugins\\\/userswp\\\/assets\\\/images\\\/no_profile.png\",\"caption\":\"Redacci\u00f3n Cl\u00faster Audiovisual de Madrid\"},\"description\":\"T\u00e9cnico de marketing en Brandominus.\",\"url\":\"https:\\\/\\\/clusteraudiovisualmadrid.es\\\/profile\\\/cluster_pablo\\\/\"}]}<\/script>\n<!-- \/ Yoast SEO plugin. -->","yoast_head_json":{"title":"The Madrid Audiovisual Cluster holds its General Assembly of Members.","description":"The Madrid Audiovisual Cluster holds its General Assembly and moves forward with the launch of new projects.","robots":{"index":"index","follow":"follow","max-snippet":"max-snippet:-1","max-image-preview":"max-image-preview:large","max-video-preview":"max-video-preview:-1"},"canonical":"https:\/\/clusteraudiovisualmadrid.es\/en\/cluster-holds-general-assembly-with-members\/","og_locale":"en_US","og_type":"article","og_title":"The Madrid Audiovisual Cluster holds its General Assembly of Members.","og_description":"The Madrid Audiovisual Cluster holds its General Assembly and moves forward with the launch of new projects.","og_url":"https:\/\/clusteraudiovisualmadrid.es\/en\/cluster-holds-general-assembly-with-members\/","og_site_name":"Cluster Madrid","article_published_time":"2025-04-28T10:21:52+00:00","article_modified_time":"2025-05-20T10:49:05+00:00","og_image":[{"width":2560,"height":1920,"url":"https:\/\/clusteraudiovisualmadrid.es\/wp-content\/uploads\/2025\/04\/5-scaled.jpg","type":"image\/jpeg"}],"author":"Redacci\u00f3n Cl\u00faster Audiovisual de Madrid","twitter_card":"summary_large_image","twitter_misc":{"Written by":"Redacci\u00f3n Cl\u00faster Audiovisual de Madrid","Est. reading time":"3 minutes"},"schema":{"@context":"https:\/\/schema.org","@graph":[{"@type":"Article","@id":"https:\/\/clusteraudiovisualmadrid.es\/en\/cluster-holds-general-assembly-with-members\/#article","isPartOf":{"@id":"https:\/\/clusteraudiovisualmadrid.es\/en\/cluster-holds-general-assembly-with-members\/"},"author":{"name":"Redacci\u00f3n Cl\u00faster Audiovisual de Madrid","@id":"https:\/\/clusteraudiovisualmadrid.es\/en\/#\/schema\/person\/b90fdb31be5535150ffca6b0c5b5f01b"},"headline":"The Madrid Audiovisual Cluster Holds its General Assembly and Advances New Projects","datePublished":"2025-04-28T10:21:52+00:00","dateModified":"2025-05-20T10:49:05+00:00","mainEntityOfPage":{"@id":"https:\/\/clusteraudiovisualmadrid.es\/en\/cluster-holds-general-assembly-with-members\/"},"wordCount":523,"publisher":{"@id":"https:\/\/clusteraudiovisualmadrid.es\/en\/#organization"},"image":{"@id":"https:\/\/clusteraudiovisualmadrid.es\/en\/cluster-holds-general-assembly-with-members\/#primaryimage"},"thumbnailUrl":"https:\/\/clusteraudiovisualmadrid.es\/wp-content\/uploads\/2025\/04\/5-scaled.jpg","keywords":["Featured"],"articleSection":["News"],"inLanguage":"en-US"},{"@type":"WebPage","@id":"https:\/\/clusteraudiovisualmadrid.es\/en\/cluster-holds-general-assembly-with-members\/","url":"https:\/\/clusteraudiovisualmadrid.es\/en\/cluster-holds-general-assembly-with-members\/","name":"The Madrid Audiovisual Cluster holds its General Assembly of Members.","isPartOf":{"@id":"https:\/\/clusteraudiovisualmadrid.es\/en\/#website"},"primaryImageOfPage":{"@id":"https:\/\/clusteraudiovisualmadrid.es\/en\/cluster-holds-general-assembly-with-members\/#primaryimage"},"image":{"@id":"https:\/\/clusteraudiovisualmadrid.es\/en\/cluster-holds-general-assembly-with-members\/#primaryimage"},"thumbnailUrl":"https:\/\/clusteraudiovisualmadrid.es\/wp-content\/uploads\/2025\/04\/5-scaled.jpg","datePublished":"2025-04-28T10:21:52+00:00","dateModified":"2025-05-20T10:49:05+00:00","description":"The Madrid Audiovisual Cluster holds its General Assembly and moves forward with the launch of new projects.","breadcrumb":{"@id":"https:\/\/clusteraudiovisualmadrid.es\/en\/cluster-holds-general-assembly-with-members\/#breadcrumb"},"inLanguage":"en-US","potentialAction":[{"@type":"ReadAction","target":["https:\/\/clusteraudiovisualmadrid.es\/en\/cluster-holds-general-assembly-with-members\/"]}]},{"@type":"ImageObject","inLanguage":"en-US","@id":"https:\/\/clusteraudiovisualmadrid.es\/en\/cluster-holds-general-assembly-with-members\/#primaryimage","url":"https:\/\/clusteraudiovisualmadrid.es\/wp-content\/uploads\/2025\/04\/5-scaled.jpg","contentUrl":"https:\/\/clusteraudiovisualmadrid.es\/wp-content\/uploads\/2025\/04\/5-scaled.jpg","width":2560,"height":1920,"caption":"imagen de la asamblea general de socios del Cluster Audiovisual de Madrid"},{"@type":"BreadcrumbList","@id":"https:\/\/clusteraudiovisualmadrid.es\/en\/cluster-holds-general-assembly-with-members\/#breadcrumb","itemListElement":[{"@type":"ListItem","position":1,"name":"Portada","item":"https:\/\/clusteraudiovisualmadrid.es\/"},{"@type":"ListItem","position":2,"name":"The Madrid Audiovisual Cluster Holds its General Assembly and Advances New Projects"}]},{"@type":"WebSite","@id":"https:\/\/clusteraudiovisualmadrid.es\/en\/#website","url":"https:\/\/clusteraudiovisualmadrid.es\/en\/","name":"Cluster Madrid","description":"","publisher":{"@id":"https:\/\/clusteraudiovisualmadrid.es\/en\/#organization"},"potentialAction":[{"@type":"SearchAction","target":{"@type":"EntryPoint","urlTemplate":"https:\/\/clusteraudiovisualmadrid.es\/en\/?s={search_term_string}"},"query-input":{"@type":"PropertyValueSpecification","valueRequired":true,"valueName":"search_term_string"}}],"inLanguage":"en-US"},{"@type":"Organization","@id":"https:\/\/clusteraudiovisualmadrid.es\/en\/#organization","name":"Cluster Madrid","url":"https:\/\/clusteraudiovisualmadrid.es\/en\/","logo":{"@type":"ImageObject","inLanguage":"en-US","@id":"https:\/\/clusteraudiovisualmadrid.es\/en\/#\/schema\/logo\/image\/","url":"https:\/\/clusteraudiovisualmadrid.es\/wp-content\/uploads\/2024\/09\/Grupo-53.svg","contentUrl":"https:\/\/clusteraudiovisualmadrid.es\/wp-content\/uploads\/2024\/09\/Grupo-53.svg","width":66,"height":66,"caption":"Cluster Madrid"},"image":{"@id":"https:\/\/clusteraudiovisualmadrid.es\/en\/#\/schema\/logo\/image\/"}},{"@type":"Person","@id":"https:\/\/clusteraudiovisualmadrid.es\/en\/#\/schema\/person\/b90fdb31be5535150ffca6b0c5b5f01b","name":"Redacci\u00f3n Cl\u00faster Audiovisual de Madrid","image":{"@type":"ImageObject","inLanguage":"en-US","@id":"https:\/\/secure.gravatar.com\/avatar\/7f3d8b7a5d1a7749a31a9c572fd20d7dc0f10a77d64acd671d1d2bd2d90aeaea?s=96&r=g&d=https:\/\/clusteraudiovisualmadrid.es\/wp-content\/plugins\/userswp\/assets\/images\/no_profile.png","url":"https:\/\/secure.gravatar.com\/avatar\/7f3d8b7a5d1a7749a31a9c572fd20d7dc0f10a77d64acd671d1d2bd2d90aeaea?s=96&r=g&d=https:\/\/clusteraudiovisualmadrid.es\/wp-content\/plugins\/userswp\/assets\/images\/no_profile.png","contentUrl":"https:\/\/secure.gravatar.com\/avatar\/7f3d8b7a5d1a7749a31a9c572fd20d7dc0f10a77d64acd671d1d2bd2d90aeaea?s=96&r=g&d=https:\/\/clusteraudiovisualmadrid.es\/wp-content\/plugins\/userswp\/assets\/images\/no_profile.png","caption":"Redacci\u00f3n Cl\u00faster Audiovisual de Madrid"},"description":"T\u00e9cnico de marketing en Brandominus.","url":"https:\/\/clusteraudiovisualmadrid.es\/profile\/cluster_pablo\/"}]}},"_links":{"self":[{"href":"https:\/\/clusteraudiovisualmadrid.es\/en\/wp-json\/wp\/v2\/posts\/4697","targetHints":{"allow":["GET"]}}],"collection":[{"href":"https:\/\/clusteraudiovisualmadrid.es\/en\/wp-json\/wp\/v2\/posts"}],"about":[{"href":"https:\/\/clusteraudiovisualmadrid.es\/en\/wp-json\/wp\/v2\/types\/post"}],"author":[{"embeddable":true,"href":"https:\/\/clusteraudiovisualmadrid.es\/en\/wp-json\/wp\/v2\/users\/4"}],"replies":[{"embeddable":true,"href":"https:\/\/clusteraudiovisualmadrid.es\/en\/wp-json\/wp\/v2\/comments?post=4697"}],"version-history":[{"count":0,"href":"https:\/\/clusteraudiovisualmadrid.es\/en\/wp-json\/wp\/v2\/posts\/4697\/revisions"}],"wp:featuredmedia":[{"embeddable":true,"href":"https:\/\/clusteraudiovisualmadrid.es\/en\/wp-json\/wp\/v2\/media\/4492"}],"wp:attachment":[{"href":"https:\/\/clusteraudiovisualmadrid.es\/en\/wp-json\/wp\/v2\/media?parent=4697"}],"wp:term":[{"taxonomy":"category","embeddable":true,"href":"https:\/\/clusteraudiovisualmadrid.es\/en\/wp-json\/wp\/v2\/categories?post=4697"},{"taxonomy":"post_tag","embeddable":true,"href":"https:\/\/clusteraudiovisualmadrid.es\/en\/wp-json\/wp\/v2\/tags?post=4697"}],"curies":[{"name":"wp","href":"https:\/\/api.w.org\/{rel}","templated":true}]}}