{"id":3068,"date":"2025-02-11T12:00:30","date_gmt":"2025-02-11T11:00:30","guid":{"rendered":"https:\/\/clusteraudiovisualmadrid.es\/?p=3068"},"modified":"2025-03-06T12:39:52","modified_gmt":"2025-03-06T11:39:52","slug":"best-international-coproductions-madrid","status":"publish","type":"post","link":"https:\/\/clusteraudiovisualmadrid.es\/en\/best-international-coproductions-madrid\/","title":{"rendered":"The 10 International Audiovisual Co-Productions Made in Madrid"},"content":{"rendered":"\n<p>Madrid has established itself as a key location for international film and television. Thanks to its infrastructure, diverse locations, and tax incentives, the city has hosted numerous <strong>successful co-productions<\/strong>. In this article, we explore the most notable recent projects and their impact on the industry.<\/p>\n\n\n\n<h2 class=\"wp-block-heading\">Introduction to International Co-Productions in Madrid<\/h2>\n\n\n\n<p>Madrid is already a prime destination for <strong>international audiovisual production.<\/strong> Its combination of modern infrastructure, tax incentives, and diverse locations makes it a magnet for filmmakers worldwide. Every year, the city hosts numerous foreign productions, enhancing its reputation in the industry. In this context, <strong>international co-productions<\/strong> play a fundamental role, enabling collaboration between countries and strengthening the local industry.<\/p>\n\n\n\n<h3 class=\"wp-block-heading\">Madrid: The Bridge Between Cultures in Audiovisual Production<\/h3>\n\n\n\n<p>Madrid Film Office, the audiovisual department of the City Council, reported last year the filming of <strong>41 movies, 53 series, and more than 430 commercials in the city<\/strong>. Among them, <strong>at least 8 were international co-productions<\/strong>, reflecting Madrid&#8217;s growing appeal for global projects.<\/p>\n\n\n\n<h3 class=\"wp-block-heading\">Benefits of Co-Producing in the Spanish Capital<\/h3>\n\n\n\n<p>Co-productions in Madrid offer multiple <strong>advantages<\/strong>:<\/p>\n\n\n\n<ul class=\"wp-block-list\">\n<li>Access to a broad technical and artistic talent pool.<\/li>\n\n\n\n<li>Versatile natural and urban settings.<\/li>\n\n\n\n<li>Favourable tax framework with specific incentives for the audiovisual industry.<\/li>\n<\/ul>\n\n\n\n<p>Additionally, Spain has co-production agreements with numerous countries, facilitating project financing and distribution. This synergy boosts Spanish cinema&#8217;s presence in the global market and strengthens Madrid&#8217;s relationship with major film powerhouses.<\/p>\n\n\n\n<h2 class=\"wp-block-heading\">10 Most Outstanding Co-Productions Filmed in Madrid<\/h2>\n\n\n\n<h3 class=\"wp-block-heading\"><strong>1. A la cara<\/strong><\/h3>\n\n\n\n<p>Award-winning filmmakers<strong> Javier Marco and Bel\u00e9n S\u00e1nchez-Ar\u00e9valo<\/strong> reunite in this acclaimed short film starring Goya winner Manolo Solo.<\/p>\n\n\n\n<h4 class=\"wp-block-heading\">Synopsis<\/h4>\n\n\n\n<p>Lina doesn&#8217;t mind being insulted. But if it happens, it better be to her face. People think it&#8217;s easy to hide behind <strong>social media<\/strong>, but perhaps someone will seek you out with the intention of demanding answers.<\/p>\n\n\n\n<h4 class=\"wp-block-heading\">International Participation<\/h4>\n\n\n\n<p>Produced by Pecado Films, LaCima Producciones, Odessa Films, Langosta Films, Biograf Capital AIE, and \u00c0 Punt (distributed by Sideral Cinema). Co-produced with Creative Europe Media, a <strong>European Union Program<\/strong> that finances projects of European scale to strengthen the competitiveness of the cultural sector.<\/p>\n\n\n\n<h4 class=\"wp-block-heading\">Impact and Reception<\/h4>\n\n\n\n<p>Javier Marco&#8217;s <em>A la cara<\/em> highlights the hatred on social media with a significant critical impact, winning the <strong>2021 Goya<\/strong> for Best Short Film.<br><\/p>\n\n\n\n<h2 class=\"wp-block-heading\"><strong><strong>2. Ciudad sin sue\u00f1<\/strong><\/strong>o<\/h2>\n\n\n\n<p><strong><br>Guillermo Garc\u00eda L\u00f3pez<\/strong> presents the reality of a community facing drastic measures.<\/p>\n\n\n\n<h4 class=\"wp-block-heading\">Synopsis<\/h4>\n\n\n\n<p>Ram\u00f3n, a 13-year-old boy living in <strong>La Ca\u00f1ada Real<\/strong>, watches his world collapse when he receives an eviction notice at home and discovers that his best friend Said is leaving La Ca\u00f1ada for good. Amid fabrications about the future, Ram\u00f3n grows increasingly distant from his family and his roots.<\/p>\n\n\n\n<h4 class=\"wp-block-heading\">International Participation<\/h4>\n\n\n\n<p>Produced by <strong>Sintagma Films, Encanta Films, BTeam Prods, Les Valseurs, Filmin, RTVE, and Tournellovision<\/strong> (distributed by BTeam Pictures). Co-produced with <strong>France.<\/strong><\/p>\n\n\n\n<h4 class=\"wp-block-heading\">Impact and Reception<\/h4>\n\n\n\n<p>During its development, the film was selected for prestigious residencies and labs such as <strong>Berlinale, Torino Film Lab, and Cannes\u2019 Cin\u00e9fondation<\/strong>, where it received awards and mentions. Additionally, it stood out at markets like the <strong>European Co-Production Market, Ventana CineMad, and Cannes&#8217; March\u00e9 du Film.<\/strong><\/p>\n\n\n\n<p><\/p>\n\n\n\n<h3 class=\"wp-block-heading\"><strong><strong><strong>3. \u00cddolos<\/strong><\/strong><\/strong><\/h3>\n\n\n\n<p><strong>Mat Whitecross<\/strong>, known for his musical documentaries, explores the world of dreams through family relationships this time.<\/p>\n\n\n\n<h4 class=\"wp-block-heading\">Synopsis<\/h4>\n\n\n\n<p>Edu is a <strong>young and aggressive motorcycle racer<\/strong> whom no team trusts. Eli, the head of the <strong>Aspar Team<\/strong> in Moto2, offers him a chance on the condition that his father, Antonio Belardi, will train him. Edu hates his father for abandoning him, but he knows that only with him can he achieve his dream. Edu will undergo the strict training regimen demanded by Antonio, which includes putting aside love\u2026 until he meets Luna, a young artist who has just opened a tattoo parlor right beneath his apartment.<\/p>\n\n\n\n<h4 class=\"wp-block-heading\">International Participation<\/h4>\n\n\n\n<p>Produced by <strong>4 Cats Pictures, Warner Bros. Entertainment Spain, Mogambo Productions, Anangu Grup, Imperio Contraataca AIE, Warner Bros. Entertainment Italy, Greenboo Production, RTVE, and Max<\/strong> (distributed by Warner Bros. Pictures Spain).<\/p>\n\n\n\n<h4 class=\"wp-block-heading\">Impact and Reception<\/h4>\n\n\n\n<p>It has the collaboration of <strong>MotoGP\u2122<\/strong>. It will be distributed exclusively in cinemas in Spain by Warner Bros. Pictures Spain.<\/p>\n\n\n\n<p><\/p>\n\n\n\n<h3 class=\"wp-block-heading\"><strong><strong><strong><strong>4. La huella del mal<\/strong><\/strong><\/strong><\/strong><\/h3>\n\n\n\n<p><strong>Manuel R\u00edos San Mart\u00edn<\/strong> brings us closer to criminology with Atapuerca as the backdrop.<\/p>\n\n\n\n<h4 class=\"wp-block-heading\">Synopsis<\/h4>\n\n\n\n<p>During a school visit to the <strong>Atapuerca archaeological excavation<\/strong>, a fourteen-year-old boy discovers that one of the human replicas imitating the burials of hominids from thousands of years ago is, in fact, the body of a dead girl. The young woman appears to have been placed with ritualistic symbolism, and all the clues point to a gruesome homicide similar to one that occurred six years earlier at another site in Asturias.<\/p>\n\n\n\n<h4 class=\"wp-block-heading\">International Participation<\/h4>\n\n\n\n<p>The project is a production by La Charito Films with associated production by Nadcon. It involves the participation of <strong>RTVE, Netflix, ZDF, international sales by Film Factory, and distribution by Alfa Pictures, <\/strong>also with the collaboration of the<strong> Junta de Castilla y Le\u00f3n.<\/strong><\/p>\n\n\n\n<h4 class=\"wp-block-heading\">Impact and Reception<\/h4>\n\n\n\n<p>An excellent adaptation of the 2019-published novel, delving into the realm of police thrillers with an intriguing and suspenseful proposal.<\/p>\n\n\n\n<p><\/p>\n\n\n\n<h3 class=\"wp-block-heading\"><strong><strong><strong><strong><strong>5. Sigue mi voz<\/strong><\/strong><\/strong><\/strong><\/strong><\/h3>\n\n\n\n<p><strong>In\u00e9s Pintor Sierra and Pablo Santidri\u00e1n<\/strong> direct this intimate drama about resilience and the need to be heard.<\/p>\n\n\n\n<h4 class=\"wp-block-heading\">Synopsis<\/h4>\n\n\n\n<p>After a health crisis, Klara does nothing but listen to her favorite radio show, <strong><em>Sigue Mi Voz<\/em><\/strong>. But one day, she wonders: is it possible to fall in love with someone you&#8217;ve heard on the radio, but never met? Can she really feel something for Kang, the radio show host?<\/p>\n\n\n\n<h4 class=\"wp-block-heading\">International Participation<\/h4>\n\n\n\n<p>Produced by <strong>Zeta Cinema, Beta Fiction Spain, Sigue y No Pares AIE, and Wattpad Webtoon Studios<\/strong> (distributed by Beta Fiction Spain).<\/p>\n\n\n\n<h4 class=\"wp-block-heading\">Impact and Reception<\/h4>\n\n\n\n<p>The audience eagerly awaits the premiere of this romantic drama, which has the power to rebuild you piece by piece while teaching a powerful life lesson<strong>: the importance of feeling good about yourself to be able to do everything you love again.<\/strong><\/p>\n\n\n\n<p><\/p>\n\n\n\n<h3 class=\"wp-block-heading\"><strong><strong><strong><strong><strong><strong>6. Hasta el fin del mundo<\/strong><\/strong><\/strong><\/strong><\/strong><\/strong><\/h3>\n\n\n\n<p>Mexican filmmaker <strong>Emiliano Castro Vizcarra<\/strong> takes us on an unexpected journey that can change the course of your life.<\/p>\n\n\n\n<h4 class=\"wp-block-heading\">Synopsis<\/h4>\n\n\n\n<p>Manuel (Mauricio Ochmann) is an exemplary man with a successful job and is about to marry a wonderful woman. An unexpected phone call will <strong>change his destiny<\/strong>, as Manuel must travel and reunite with Esmeralda (Aislinn Derbez), the woman who marked his life.<\/p>\n\n\n\n<h4 class=\"wp-block-heading\">International Participation<\/h4>\n\n\n\n<p>Produced by <strong>BTF Media (Francisco Cordero and Ricardo Coeto) and AF Films (Frank Ariza). <\/strong>Co-production with<strong> Mexico and the United States.<\/strong><\/p>\n\n\n\n<h4 class=\"wp-block-heading\">Impact and Reception<\/h4>\n\n\n\n<p><em>Hasta el Fin del Mundo<\/em> marks a milestone in Emiliano Castro&#8217;s career. It also showcases how local talent can transcend borders and reach new heights. This film is destined to leave an indelible mark on the international film industry. With stunning landscapes and a deeply human narrative, it promises to <strong>captivate both critics and international audiences<\/strong>.<\/p>\n\n\n\n<p><\/p>\n\n\n\n<h3 class=\"wp-block-heading\"><strong><strong><strong><strong><strong><strong><strong>7. Tierra de nadie<\/strong><\/strong><\/strong><\/strong><\/strong><\/strong><\/strong><\/h3>\n\n\n\n<p><strong>Albert Pint\u00f3<\/strong> creates a story about drug dealers where friendship is one of the core values.<\/p>\n\n\n\n<h4 class=\"wp-block-heading\">Synops<strong>is<\/strong><\/h4>\n\n\n\n<p>Three friends trapped in a powder keg that will test their friendship: Mateo &#8216;el Gallego,&#8217; a civil guard; Juan &#8216;el Antxale,&#8217; a fisherman turned drug dealer due to bad luck and unemployment; and Benito &#8216;el Yeye,&#8217; a resigned and intelligent judicial depositary always caught between the law and crime.<\/p>\n\n\n\n<h4 class=\"wp-block-heading\">International Participation<\/h4>\n\n\n\n<p>Produced by <strong>Esto Tambi\u00e9n Pasar\u00e1, Glow, En Tierra de Nadie Films AIE, and SDB Films<\/strong>, with the participation of <strong>Prime Video, RTVE, Canal Sur, Mogambo, and CREA SGR<\/strong>, in partnership with <strong>Film Factory<\/strong>, supported by the <strong>ICAA<\/strong>. Distributed by <strong>Sony Pictures<\/strong>. Co-production with Mexico.<\/p>\n\n\n\n<h4 class=\"wp-block-heading\">Impact and Reception<\/h4>\n\n\n\n<p>It promises to be one of the films of the year. Upcoming release in cinemas on March 28, 2025, distributed by Sony Pictures.<\/p>\n\n\n\n<p><\/p>\n\n\n\n<h3 class=\"wp-block-heading\"><strong><strong><strong><strong><strong><strong><strong><strong>8. \u2018The Walking Dead: Daryl Dixon\u2019 (Season 3)<\/strong><\/strong><\/strong><\/strong><\/strong><\/strong><\/strong><\/strong><\/h3>\n\n\n\n<p>We conclude the selection with the best co-produced series in Madrid. <strong>The iconic AMC series <\/strong>continues to expand the zombie universe with a new installment starring Norman Reedus.<\/p>\n\n\n\n<h4 class=\"wp-block-heading\">Synopsis<\/h4>\n\n\n\n<p>Daryl continues his <strong>fight for survival in a devastated world<\/strong>, facing new threats and exploring unknown territories in search of allies.<\/p>\n\n\n\n<h4 class=\"wp-block-heading\">International Participation<\/h4>\n\n\n\n<p>Filmed in various locations across Europe, produced by <strong>AMC, and globally distributed<\/strong> through Disney+ and Prime Video.<\/p>\n\n\n\n<h4 class=\"wp-block-heading\">Impact and Reception<\/h4>\n\n\n\n<p>Each season maintains a <strong>high level of viewership and positive reviews<\/strong>, solidifying Daryl as one of the most beloved characters in the franchise.<\/p>\n\n\n\n<p><\/p>\n\n\n\n<h3 class=\"wp-block-heading\"><strong><strong><strong><strong><strong><strong><strong><strong>9. Nine Bodies in a Mexican Morgue<\/strong><\/strong><\/strong><\/strong><\/strong><\/strong><\/strong><\/strong><\/h3>\n\n\n\n<p>BBC and MGM+ present this <strong>intriguing thriller<\/strong> with an ensemble structure and unexpected twists.<\/p>\n\n\n\n<h4 class=\"wp-block-heading\">Synopsis<\/h4>\n\n\n\n<p>The story follows <strong>nine strangers<\/strong> who find themselves lost in a remote Mexican jungle after their plane crashes while traveling from Guatemala to the United States. One by one, the survivors are murdered, leaving the remaining passengers to solve the terrifying mystery before they too fall victim to the killer.<\/p>\n\n\n\n<h4 class=\"wp-block-heading\">International Participation<\/h4>\n\n\n\n<p><strong>British production<\/strong>. The series is produced by MGM Television, Sony Entertainment, and the BBC.<\/p>\n\n\n\n<h4 class=\"wp-block-heading\">Impact and Reception<\/h4>\n\n\n\n<p>It promises to be a widely accepted series in the television suspense and mystery genre.<\/p>\n\n\n\n<p><\/p>\n\n\n\n<h3 class=\"wp-block-heading\"><strong><strong><strong><strong><strong><strong><strong><strong><strong>10. Isla Brava<\/strong><\/strong><\/strong><\/strong><\/strong><\/strong><\/strong><\/strong><\/strong><\/h3>\n\n\n\n<p>ViX bets on suspense with this <strong>thriller set in a tropical paradise<\/strong> where nothing is as it seems.<\/p>\n\n\n\n<h4 class=\"wp-block-heading\">Synopsis<\/h4>\n\n\n\n<p>A tourist island is shaken by <strong>the disappearance of Alfredo Su\u00e1rez<\/strong>, a magnate who owns a resort. His wife Luc\u00eda is having a secret affair with Bruno, her husband&#8217;s brother. The keys to Alfredo\u2019s disappearance and everything he was hiding lie in the past.<\/p>\n\n\n\n<h4 class=\"wp-block-heading\">International Participation<\/h4>\n\n\n\n<p><strong>Mexican production<\/strong> (Onza Entertainment) backed by Televisa Univision and ViX, with distribution in Latin America and Spain.<\/p>\n\n\n\n<h4 class=\"wp-block-heading\">Impact and Reception<\/h4>\n\n\n\n<p>Its blend of mystery and visual aesthetics has <strong>generated great anticipation<\/strong>, making it one of the strongest releases of the year.<\/p>\n\n\n\n<h2 class=\"wp-block-heading\">Keys to the Success of International Co-Productions in Madrid<\/h2>\n\n\n\n<p>Madrid has become a benchmark for the best international co-productions thanks to its combination of financial incentives, local talent, and top-level infrastructure. These features have attracted major international productions to the Spanish capital, establishing it as a prestigious audiovisual hub.<\/p>\n\n\n\n<h3 class=\"wp-block-heading\">Support and Financing Policies<\/h3>\n\n\n\n<p>Institutional support for co-productions in Madrid is key to their success. Spain offers competitive tax incentives, with deductions of up to 30% for international shoots. Additionally, the Institute of Cinematography and Audiovisual Arts (ICAA) and programs like Creative Europe Media facilitate the financing and promotion of audiovisual collaborations between Spain and Latin America, as well as other global markets.<\/p>\n\n\n\n<h3 class=\"wp-block-heading\">Infrastructure and Local Talent<\/h3>\n\n\n\n<p>Madrid boasts advanced recording studios, specialized post-production companies, and a network of highly qualified professionals. This combination ensures that international films shot in Madrid meet the highest quality standards. The versatility of its locations, from urban environments to natural landscapes, allows multiple settings to be recreated without leaving the city.<\/p>\n\n\n\n<h2 class=\"wp-block-heading\">Impact of Co-Productions on Madrid\u2019s Audiovisual Industry<\/h2>\n\n\n\n<p>Co-productions have transformed Madrid&#8217;s audiovisual industry, attracting investment, generating employment, and positioning Madrid as an international reference in film and television.<\/p>\n\n\n\n<h3 class=\"wp-block-heading\">Economic Growth and Job Creation<\/h3>\n\n\n\n<p>The economic impact of co-productions in Madrid is significant. The arrival of major productions creates jobs in sectors such as hospitality, transportation, and technical services, while also boosting film tourism and strengthening the local industry.<\/p>\n\n\n\n<h3 class=\"wp-block-heading\">Madrid\u2019s International Projection as an Audiovisual Hub<\/h3>\n\n\n\n<p>Series co-produced in Madrid and high-profile productions have reinforced the city\u2019s image as a top destination for film and television. Festivals like San Sebasti\u00e1n or the Madrid Film Festival also contribute to this global projection.<\/p>\n\n\n\n<h2 class=\"wp-block-heading\">Future Prospects for International Co-Productions in Madrid<\/h2>\n\n\n\n<p>The future of co-productions in Madrid is promising. The city is filled with opportunities! However, there are also some challenges to solidify its position as a preferred destination for the film industry.<\/p>\n\n\n\n<h3 class=\"wp-block-heading\">Emerging Trends and Opportunities<\/h3>\n\n\n\n<p>The rise of platforms like Netflix, Amazon Prime, and HBO has increased the demand for diverse content, positioning Madrid as a key epicentre for new cinematic co-productions. A growth in international productions in the Spanish capital is expected, especially in the series sector.<\/p>\n\n\n\n<p>The recent creation of the <a href=\"https:\/\/clusteraudiovisualmadrid.es\/que-es-cluster-audiovisual-ventajas-sector\/\" target=\"_blank\" rel=\"noreferrer noopener\">Madrid Audiovisual Cluster<\/a> is another major opportunity for filmmakers. Within it, industry professionals receive necessary support through networking, consulting, and relevant events.<\/p>\n\n\n\n<h3 class=\"wp-block-heading\">Challenges and Considerations for Future Productions<\/h3>\n\n\n\n<p>Despite its success, the sector faces challenges such as the need to increase incentives for foreign productions in Madrid, reduce bureaucracy in filming permits, and ensure a balance between industry growth and urban conservation. Madrid will continue to adapt to maintain its appeal in the global market.<\/p>\n\n\n\n<p>Would you like to turn your idea into an international co-production? It is possible if you have the right resources and support. <a href=\"https:\/\/clusteraudiovisualmadrid.es\/asociate\/\" target=\"_blank\" rel=\"noreferrer noopener\">Join the Madrid Cluster<\/a> and embark on your path to audiovisual success!<\/p>\n\n\n\n<p><\/p>\n\n\n\n<p><\/p>\n","protected":false},"excerpt":{"rendered":"<p>Madrid has established itself as a key location for international film and television. Thanks to its infrastructure, diverse locations, and tax incentives, the city has hosted numerous successful co-productions.<\/p>\n","protected":false},"author":4,"featured_media":3060,"comment_status":"closed","ping_status":"closed","sticky":false,"template":"","format":"standard","meta":{"footnotes":""},"categories":[33],"tags":[],"class_list":["post-3068","post","type-post","status-publish","format-standard","has-post-thumbnail","hentry","category-articles"],"yoast_head":"<!-- This site is optimized with the Yoast SEO plugin v27.4 - https:\/\/yoast.com\/product\/yoast-seo-wordpress\/ -->\n<title>International co-productions in Madrid: the 10 most notable.<\/title>\n<meta name=\"description\" content=\"Discover the international audiovisual co-productions made in Madrid. Explore their stories and impact on the industry.\" \/>\n<meta name=\"robots\" content=\"index, follow, max-snippet:-1, max-image-preview:large, max-video-preview:-1\" \/>\n<link rel=\"canonical\" href=\"https:\/\/clusteraudiovisualmadrid.es\/en\/best-international-coproductions-madrid\/\" \/>\n<meta property=\"og:locale\" content=\"en_US\" \/>\n<meta property=\"og:type\" content=\"article\" \/>\n<meta property=\"og:title\" content=\"International co-productions in Madrid: the 10 most notable.\" \/>\n<meta property=\"og:description\" content=\"Discover the international audiovisual co-productions made in Madrid. Explore their stories and impact on the industry.\" \/>\n<meta property=\"og:url\" content=\"https:\/\/clusteraudiovisualmadrid.es\/en\/best-international-coproductions-madrid\/\" \/>\n<meta property=\"og:site_name\" content=\"Cluster Madrid\" \/>\n<meta property=\"article:published_time\" content=\"2025-02-11T11:00:30+00:00\" \/>\n<meta property=\"article:modified_time\" content=\"2025-03-06T11:39:52+00:00\" \/>\n<meta property=\"og:image\" content=\"https:\/\/clusteraudiovisualmadrid.es\/wp-content\/uploads\/2025\/03\/237700963_l-scaled.jpg\" \/>\n\t<meta property=\"og:image:width\" content=\"2560\" \/>\n\t<meta property=\"og:image:height\" content=\"1707\" \/>\n\t<meta property=\"og:image:type\" content=\"image\/jpeg\" \/>\n<meta name=\"author\" content=\"Redacci\u00f3n Cl\u00faster Audiovisual de Madrid\" \/>\n<meta name=\"twitter:card\" content=\"summary_large_image\" \/>\n<meta name=\"twitter:label1\" content=\"Written by\" \/>\n\t<meta name=\"twitter:data1\" content=\"Redacci\u00f3n Cl\u00faster Audiovisual de Madrid\" \/>\n\t<meta name=\"twitter:label2\" content=\"Est. reading time\" \/>\n\t<meta name=\"twitter:data2\" content=\"10 minutes\" \/>\n<script type=\"application\/ld+json\" class=\"yoast-schema-graph\">{\"@context\":\"https:\\\/\\\/schema.org\",\"@graph\":[{\"@type\":\"Article\",\"@id\":\"https:\\\/\\\/clusteraudiovisualmadrid.es\\\/en\\\/best-international-coproductions-madrid\\\/#article\",\"isPartOf\":{\"@id\":\"https:\\\/\\\/clusteraudiovisualmadrid.es\\\/en\\\/best-international-coproductions-madrid\\\/\"},\"author\":{\"name\":\"Redacci\u00f3n Cl\u00faster Audiovisual de Madrid\",\"@id\":\"https:\\\/\\\/clusteraudiovisualmadrid.es\\\/en\\\/#\\\/schema\\\/person\\\/b90fdb31be5535150ffca6b0c5b5f01b\"},\"headline\":\"The 10 International Audiovisual Co-Productions Made in Madrid\",\"datePublished\":\"2025-02-11T11:00:30+00:00\",\"dateModified\":\"2025-03-06T11:39:52+00:00\",\"mainEntityOfPage\":{\"@id\":\"https:\\\/\\\/clusteraudiovisualmadrid.es\\\/en\\\/best-international-coproductions-madrid\\\/\"},\"wordCount\":2075,\"publisher\":{\"@id\":\"https:\\\/\\\/clusteraudiovisualmadrid.es\\\/en\\\/#organization\"},\"image\":{\"@id\":\"https:\\\/\\\/clusteraudiovisualmadrid.es\\\/en\\\/best-international-coproductions-madrid\\\/#primaryimage\"},\"thumbnailUrl\":\"https:\\\/\\\/clusteraudiovisualmadrid.es\\\/wp-content\\\/uploads\\\/2025\\\/03\\\/237700963_l-scaled.jpg\",\"articleSection\":[\"Articles\"],\"inLanguage\":\"en-US\"},{\"@type\":\"WebPage\",\"@id\":\"https:\\\/\\\/clusteraudiovisualmadrid.es\\\/en\\\/best-international-coproductions-madrid\\\/\",\"url\":\"https:\\\/\\\/clusteraudiovisualmadrid.es\\\/en\\\/best-international-coproductions-madrid\\\/\",\"name\":\"International co-productions in Madrid: the 10 most notable.\",\"isPartOf\":{\"@id\":\"https:\\\/\\\/clusteraudiovisualmadrid.es\\\/en\\\/#website\"},\"primaryImageOfPage\":{\"@id\":\"https:\\\/\\\/clusteraudiovisualmadrid.es\\\/en\\\/best-international-coproductions-madrid\\\/#primaryimage\"},\"image\":{\"@id\":\"https:\\\/\\\/clusteraudiovisualmadrid.es\\\/en\\\/best-international-coproductions-madrid\\\/#primaryimage\"},\"thumbnailUrl\":\"https:\\\/\\\/clusteraudiovisualmadrid.es\\\/wp-content\\\/uploads\\\/2025\\\/03\\\/237700963_l-scaled.jpg\",\"datePublished\":\"2025-02-11T11:00:30+00:00\",\"dateModified\":\"2025-03-06T11:39:52+00:00\",\"description\":\"Discover the international audiovisual co-productions made in Madrid. Explore their stories and impact on the industry.\",\"breadcrumb\":{\"@id\":\"https:\\\/\\\/clusteraudiovisualmadrid.es\\\/en\\\/best-international-coproductions-madrid\\\/#breadcrumb\"},\"inLanguage\":\"en-US\",\"potentialAction\":[{\"@type\":\"ReadAction\",\"target\":[\"https:\\\/\\\/clusteraudiovisualmadrid.es\\\/en\\\/best-international-coproductions-madrid\\\/\"]}]},{\"@type\":\"ImageObject\",\"inLanguage\":\"en-US\",\"@id\":\"https:\\\/\\\/clusteraudiovisualmadrid.es\\\/en\\\/best-international-coproductions-madrid\\\/#primaryimage\",\"url\":\"https:\\\/\\\/clusteraudiovisualmadrid.es\\\/wp-content\\\/uploads\\\/2025\\\/03\\\/237700963_l-scaled.jpg\",\"contentUrl\":\"https:\\\/\\\/clusteraudiovisualmadrid.es\\\/wp-content\\\/uploads\\\/2025\\\/03\\\/237700963_l-scaled.jpg\",\"width\":2560,\"height\":1707,\"caption\":\"Panoramic view of Madrid, Spain. Beautiful cityscape at sunset.\"},{\"@type\":\"BreadcrumbList\",\"@id\":\"https:\\\/\\\/clusteraudiovisualmadrid.es\\\/en\\\/best-international-coproductions-madrid\\\/#breadcrumb\",\"itemListElement\":[{\"@type\":\"ListItem\",\"position\":1,\"name\":\"Portada\",\"item\":\"https:\\\/\\\/clusteraudiovisualmadrid.es\\\/\"},{\"@type\":\"ListItem\",\"position\":2,\"name\":\"The 10 International Audiovisual Co-Productions Made in Madrid\"}]},{\"@type\":\"WebSite\",\"@id\":\"https:\\\/\\\/clusteraudiovisualmadrid.es\\\/en\\\/#website\",\"url\":\"https:\\\/\\\/clusteraudiovisualmadrid.es\\\/en\\\/\",\"name\":\"Cluster Madrid\",\"description\":\"\",\"publisher\":{\"@id\":\"https:\\\/\\\/clusteraudiovisualmadrid.es\\\/en\\\/#organization\"},\"potentialAction\":[{\"@type\":\"SearchAction\",\"target\":{\"@type\":\"EntryPoint\",\"urlTemplate\":\"https:\\\/\\\/clusteraudiovisualmadrid.es\\\/en\\\/?s={search_term_string}\"},\"query-input\":{\"@type\":\"PropertyValueSpecification\",\"valueRequired\":true,\"valueName\":\"search_term_string\"}}],\"inLanguage\":\"en-US\"},{\"@type\":\"Organization\",\"@id\":\"https:\\\/\\\/clusteraudiovisualmadrid.es\\\/en\\\/#organization\",\"name\":\"Cluster Madrid\",\"url\":\"https:\\\/\\\/clusteraudiovisualmadrid.es\\\/en\\\/\",\"logo\":{\"@type\":\"ImageObject\",\"inLanguage\":\"en-US\",\"@id\":\"https:\\\/\\\/clusteraudiovisualmadrid.es\\\/en\\\/#\\\/schema\\\/logo\\\/image\\\/\",\"url\":\"https:\\\/\\\/clusteraudiovisualmadrid.es\\\/wp-content\\\/uploads\\\/2024\\\/09\\\/Grupo-53.svg\",\"contentUrl\":\"https:\\\/\\\/clusteraudiovisualmadrid.es\\\/wp-content\\\/uploads\\\/2024\\\/09\\\/Grupo-53.svg\",\"width\":66,\"height\":66,\"caption\":\"Cluster Madrid\"},\"image\":{\"@id\":\"https:\\\/\\\/clusteraudiovisualmadrid.es\\\/en\\\/#\\\/schema\\\/logo\\\/image\\\/\"}},{\"@type\":\"Person\",\"@id\":\"https:\\\/\\\/clusteraudiovisualmadrid.es\\\/en\\\/#\\\/schema\\\/person\\\/b90fdb31be5535150ffca6b0c5b5f01b\",\"name\":\"Redacci\u00f3n Cl\u00faster Audiovisual de Madrid\",\"image\":{\"@type\":\"ImageObject\",\"inLanguage\":\"en-US\",\"@id\":\"https:\\\/\\\/secure.gravatar.com\\\/avatar\\\/7f3d8b7a5d1a7749a31a9c572fd20d7dc0f10a77d64acd671d1d2bd2d90aeaea?s=96&r=g&d=https:\\\/\\\/clusteraudiovisualmadrid.es\\\/wp-content\\\/plugins\\\/userswp\\\/assets\\\/images\\\/no_profile.png\",\"url\":\"https:\\\/\\\/secure.gravatar.com\\\/avatar\\\/7f3d8b7a5d1a7749a31a9c572fd20d7dc0f10a77d64acd671d1d2bd2d90aeaea?s=96&r=g&d=https:\\\/\\\/clusteraudiovisualmadrid.es\\\/wp-content\\\/plugins\\\/userswp\\\/assets\\\/images\\\/no_profile.png\",\"contentUrl\":\"https:\\\/\\\/secure.gravatar.com\\\/avatar\\\/7f3d8b7a5d1a7749a31a9c572fd20d7dc0f10a77d64acd671d1d2bd2d90aeaea?s=96&r=g&d=https:\\\/\\\/clusteraudiovisualmadrid.es\\\/wp-content\\\/plugins\\\/userswp\\\/assets\\\/images\\\/no_profile.png\",\"caption\":\"Redacci\u00f3n Cl\u00faster Audiovisual de Madrid\"},\"description\":\"T\u00e9cnico de marketing en Brandominus.\",\"url\":\"https:\\\/\\\/clusteraudiovisualmadrid.es\\\/profile\\\/cluster_pablo\\\/\"}]}<\/script>\n<!-- \/ Yoast SEO plugin. -->","yoast_head_json":{"title":"International co-productions in Madrid: the 10 most notable.","description":"Discover the international audiovisual co-productions made in Madrid. Explore their stories and impact on the industry.","robots":{"index":"index","follow":"follow","max-snippet":"max-snippet:-1","max-image-preview":"max-image-preview:large","max-video-preview":"max-video-preview:-1"},"canonical":"https:\/\/clusteraudiovisualmadrid.es\/en\/best-international-coproductions-madrid\/","og_locale":"en_US","og_type":"article","og_title":"International co-productions in Madrid: the 10 most notable.","og_description":"Discover the international audiovisual co-productions made in Madrid. Explore their stories and impact on the industry.","og_url":"https:\/\/clusteraudiovisualmadrid.es\/en\/best-international-coproductions-madrid\/","og_site_name":"Cluster Madrid","article_published_time":"2025-02-11T11:00:30+00:00","article_modified_time":"2025-03-06T11:39:52+00:00","og_image":[{"width":2560,"height":1707,"url":"https:\/\/clusteraudiovisualmadrid.es\/wp-content\/uploads\/2025\/03\/237700963_l-scaled.jpg","type":"image\/jpeg"}],"author":"Redacci\u00f3n Cl\u00faster Audiovisual de Madrid","twitter_card":"summary_large_image","twitter_misc":{"Written by":"Redacci\u00f3n Cl\u00faster Audiovisual de Madrid","Est. reading time":"10 minutes"},"schema":{"@context":"https:\/\/schema.org","@graph":[{"@type":"Article","@id":"https:\/\/clusteraudiovisualmadrid.es\/en\/best-international-coproductions-madrid\/#article","isPartOf":{"@id":"https:\/\/clusteraudiovisualmadrid.es\/en\/best-international-coproductions-madrid\/"},"author":{"name":"Redacci\u00f3n Cl\u00faster Audiovisual de Madrid","@id":"https:\/\/clusteraudiovisualmadrid.es\/en\/#\/schema\/person\/b90fdb31be5535150ffca6b0c5b5f01b"},"headline":"The 10 International Audiovisual Co-Productions Made in Madrid","datePublished":"2025-02-11T11:00:30+00:00","dateModified":"2025-03-06T11:39:52+00:00","mainEntityOfPage":{"@id":"https:\/\/clusteraudiovisualmadrid.es\/en\/best-international-coproductions-madrid\/"},"wordCount":2075,"publisher":{"@id":"https:\/\/clusteraudiovisualmadrid.es\/en\/#organization"},"image":{"@id":"https:\/\/clusteraudiovisualmadrid.es\/en\/best-international-coproductions-madrid\/#primaryimage"},"thumbnailUrl":"https:\/\/clusteraudiovisualmadrid.es\/wp-content\/uploads\/2025\/03\/237700963_l-scaled.jpg","articleSection":["Articles"],"inLanguage":"en-US"},{"@type":"WebPage","@id":"https:\/\/clusteraudiovisualmadrid.es\/en\/best-international-coproductions-madrid\/","url":"https:\/\/clusteraudiovisualmadrid.es\/en\/best-international-coproductions-madrid\/","name":"International co-productions in Madrid: the 10 most notable.","isPartOf":{"@id":"https:\/\/clusteraudiovisualmadrid.es\/en\/#website"},"primaryImageOfPage":{"@id":"https:\/\/clusteraudiovisualmadrid.es\/en\/best-international-coproductions-madrid\/#primaryimage"},"image":{"@id":"https:\/\/clusteraudiovisualmadrid.es\/en\/best-international-coproductions-madrid\/#primaryimage"},"thumbnailUrl":"https:\/\/clusteraudiovisualmadrid.es\/wp-content\/uploads\/2025\/03\/237700963_l-scaled.jpg","datePublished":"2025-02-11T11:00:30+00:00","dateModified":"2025-03-06T11:39:52+00:00","description":"Discover the international audiovisual co-productions made in Madrid. Explore their stories and impact on the industry.","breadcrumb":{"@id":"https:\/\/clusteraudiovisualmadrid.es\/en\/best-international-coproductions-madrid\/#breadcrumb"},"inLanguage":"en-US","potentialAction":[{"@type":"ReadAction","target":["https:\/\/clusteraudiovisualmadrid.es\/en\/best-international-coproductions-madrid\/"]}]},{"@type":"ImageObject","inLanguage":"en-US","@id":"https:\/\/clusteraudiovisualmadrid.es\/en\/best-international-coproductions-madrid\/#primaryimage","url":"https:\/\/clusteraudiovisualmadrid.es\/wp-content\/uploads\/2025\/03\/237700963_l-scaled.jpg","contentUrl":"https:\/\/clusteraudiovisualmadrid.es\/wp-content\/uploads\/2025\/03\/237700963_l-scaled.jpg","width":2560,"height":1707,"caption":"Panoramic view of Madrid, Spain. Beautiful cityscape at sunset."},{"@type":"BreadcrumbList","@id":"https:\/\/clusteraudiovisualmadrid.es\/en\/best-international-coproductions-madrid\/#breadcrumb","itemListElement":[{"@type":"ListItem","position":1,"name":"Portada","item":"https:\/\/clusteraudiovisualmadrid.es\/"},{"@type":"ListItem","position":2,"name":"The 10 International Audiovisual Co-Productions Made in Madrid"}]},{"@type":"WebSite","@id":"https:\/\/clusteraudiovisualmadrid.es\/en\/#website","url":"https:\/\/clusteraudiovisualmadrid.es\/en\/","name":"Cluster Madrid","description":"","publisher":{"@id":"https:\/\/clusteraudiovisualmadrid.es\/en\/#organization"},"potentialAction":[{"@type":"SearchAction","target":{"@type":"EntryPoint","urlTemplate":"https:\/\/clusteraudiovisualmadrid.es\/en\/?s={search_term_string}"},"query-input":{"@type":"PropertyValueSpecification","valueRequired":true,"valueName":"search_term_string"}}],"inLanguage":"en-US"},{"@type":"Organization","@id":"https:\/\/clusteraudiovisualmadrid.es\/en\/#organization","name":"Cluster Madrid","url":"https:\/\/clusteraudiovisualmadrid.es\/en\/","logo":{"@type":"ImageObject","inLanguage":"en-US","@id":"https:\/\/clusteraudiovisualmadrid.es\/en\/#\/schema\/logo\/image\/","url":"https:\/\/clusteraudiovisualmadrid.es\/wp-content\/uploads\/2024\/09\/Grupo-53.svg","contentUrl":"https:\/\/clusteraudiovisualmadrid.es\/wp-content\/uploads\/2024\/09\/Grupo-53.svg","width":66,"height":66,"caption":"Cluster Madrid"},"image":{"@id":"https:\/\/clusteraudiovisualmadrid.es\/en\/#\/schema\/logo\/image\/"}},{"@type":"Person","@id":"https:\/\/clusteraudiovisualmadrid.es\/en\/#\/schema\/person\/b90fdb31be5535150ffca6b0c5b5f01b","name":"Redacci\u00f3n Cl\u00faster Audiovisual de Madrid","image":{"@type":"ImageObject","inLanguage":"en-US","@id":"https:\/\/secure.gravatar.com\/avatar\/7f3d8b7a5d1a7749a31a9c572fd20d7dc0f10a77d64acd671d1d2bd2d90aeaea?s=96&r=g&d=https:\/\/clusteraudiovisualmadrid.es\/wp-content\/plugins\/userswp\/assets\/images\/no_profile.png","url":"https:\/\/secure.gravatar.com\/avatar\/7f3d8b7a5d1a7749a31a9c572fd20d7dc0f10a77d64acd671d1d2bd2d90aeaea?s=96&r=g&d=https:\/\/clusteraudiovisualmadrid.es\/wp-content\/plugins\/userswp\/assets\/images\/no_profile.png","contentUrl":"https:\/\/secure.gravatar.com\/avatar\/7f3d8b7a5d1a7749a31a9c572fd20d7dc0f10a77d64acd671d1d2bd2d90aeaea?s=96&r=g&d=https:\/\/clusteraudiovisualmadrid.es\/wp-content\/plugins\/userswp\/assets\/images\/no_profile.png","caption":"Redacci\u00f3n Cl\u00faster Audiovisual de Madrid"},"description":"T\u00e9cnico de marketing en Brandominus.","url":"https:\/\/clusteraudiovisualmadrid.es\/profile\/cluster_pablo\/"}]}},"_links":{"self":[{"href":"https:\/\/clusteraudiovisualmadrid.es\/en\/wp-json\/wp\/v2\/posts\/3068","targetHints":{"allow":["GET"]}}],"collection":[{"href":"https:\/\/clusteraudiovisualmadrid.es\/en\/wp-json\/wp\/v2\/posts"}],"about":[{"href":"https:\/\/clusteraudiovisualmadrid.es\/en\/wp-json\/wp\/v2\/types\/post"}],"author":[{"embeddable":true,"href":"https:\/\/clusteraudiovisualmadrid.es\/en\/wp-json\/wp\/v2\/users\/4"}],"replies":[{"embeddable":true,"href":"https:\/\/clusteraudiovisualmadrid.es\/en\/wp-json\/wp\/v2\/comments?post=3068"}],"version-history":[{"count":0,"href":"https:\/\/clusteraudiovisualmadrid.es\/en\/wp-json\/wp\/v2\/posts\/3068\/revisions"}],"wp:featuredmedia":[{"embeddable":true,"href":"https:\/\/clusteraudiovisualmadrid.es\/en\/wp-json\/wp\/v2\/media\/3060"}],"wp:attachment":[{"href":"https:\/\/clusteraudiovisualmadrid.es\/en\/wp-json\/wp\/v2\/media?parent=3068"}],"wp:term":[{"taxonomy":"category","embeddable":true,"href":"https:\/\/clusteraudiovisualmadrid.es\/en\/wp-json\/wp\/v2\/categories?post=3068"},{"taxonomy":"post_tag","embeddable":true,"href":"https:\/\/clusteraudiovisualmadrid.es\/en\/wp-json\/wp\/v2\/tags?post=3068"}],"curies":[{"name":"wp","href":"https:\/\/api.w.org\/{rel}","templated":true}]}}