{"id":2754,"date":"2024-09-23T10:40:02","date_gmt":"2024-09-23T09:40:02","guid":{"rendered":"https:\/\/clusteraudiovisualmadrid.es\/?p=2754"},"modified":"2025-01-13T10:43:04","modified_gmt":"2025-01-13T09:43:04","slug":"the-madrid-audiovisual-cluster-participates-in-the-event-algo-se-cuece-en-madrid-as-part-of-the-71st-edition-of-the-san-sebastian-film-festival","status":"publish","type":"post","link":"https:\/\/clusteraudiovisualmadrid.es\/en\/the-madrid-audiovisual-cluster-participates-in-the-event-algo-se-cuece-en-madrid-as-part-of-the-71st-edition-of-the-san-sebastian-film-festival\/","title":{"rendered":"The Madrid Audiovisual Cluster participates in the event &#8220;Algo se cuece en Madrid&#8221; as part of the 71st edition of the San Sebasti\u00e1n Film Festival."},"content":{"rendered":"\n<p><strong>September 23, 2024<\/strong><\/p>\n\n\n\n<p><em>In the photo, from right to left, top to bottom: Nacho Carballo, Xiomara Garc\u00eda, Teresa Azcona, Gonzalo Cabrera, Inmaculada S\u00e1nchez-Cervera, Rafael Cabrera, Almudena Ma\u00edllo, Carlo D\u2019Ursi, Asunci\u00f3n Gonz\u00e1lez, Ra\u00fal Torquemada, Mar\u00eda Prada, and Araceli Gozalo.<\/em><\/p>\n\n\n\n<p>The Madrid Audiovisual Cluster participated in the event &#8220;Algo se cuece en Madrid&#8221; at the San Sebasti\u00e1n Film Festival, organized by the Community and the City Council of Madrid.<\/p>\n\n\n\n<p>During the event, representatives from both administrations presented the support initiatives being developed by the City Council of Madrid and the Community of Madrid to foster the development of audiovisual projects in the region. In their speeches, they highlighted Madrid&#8217;s position as a major audiovisual production hub in Europe, the funding opportunities and grants promoted by both administrations, and the training, networking, and pitch programs being developed.<\/p>\n\n\n\n<p>Representing the City Council of Madrid, Almudena Ma\u00edllo, the Councilor for Tourism, and Inmaculada S\u00e1nchez-Cervera, the General Coordinator of the Mayor\u2019s Office, spoke. Representing the Community of Madrid, Gonzalo Cabrera, the Director-General for Cultural Promotion, participated.<\/p>\n\n\n\n<p><\/p>\n","protected":false},"excerpt":{"rendered":"<p>The Madrid Audiovisual Cluster participated in the event &#8220;Algo se cuece en Madrid&#8221; as part of the 71st edition of the San Sebasti\u00e1n Film Festival, organized by the Community and City Council of Madrid.<\/p>\n","protected":false},"author":4,"featured_media":2628,"comment_status":"closed","ping_status":"closed","sticky":false,"template":"","format":"standard","meta":{"footnotes":""},"categories":[17],"tags":[],"class_list":["post-2754","post","type-post","status-publish","format-standard","has-post-thumbnail","hentry","category-news"],"yoast_head":"<!-- This site is optimized with the Yoast SEO plugin v27.4 - https:\/\/yoast.com\/product\/yoast-seo-wordpress\/ -->\n<title>The Madrid Audiovisual Cluster participates in the event &quot;Algo se cuece en Madrid&quot; as part of the 71st edition of the San Sebasti\u00e1n Film Festival. - Cluster Madrid<\/title>\n<meta name=\"robots\" content=\"index, follow, max-snippet:-1, max-image-preview:large, max-video-preview:-1\" \/>\n<link rel=\"canonical\" href=\"https:\/\/clusteraudiovisualmadrid.es\/en\/the-madrid-audiovisual-cluster-participates-in-the-event-algo-se-cuece-en-madrid-as-part-of-the-71st-edition-of-the-san-sebastian-film-festival\/\" \/>\n<meta property=\"og:locale\" content=\"en_US\" \/>\n<meta property=\"og:type\" content=\"article\" \/>\n<meta property=\"og:title\" content=\"The Madrid Audiovisual Cluster participates in the event &quot;Algo se cuece en Madrid&quot; as part of the 71st edition of the San Sebasti\u00e1n Film Festival. - Cluster Madrid\" \/>\n<meta property=\"og:description\" content=\"The Madrid Audiovisual Cluster participated in the event &quot;Algo se cuece en Madrid&quot; as part of the 71st edition of the San Sebasti\u00e1n Film Festival, or\" \/>\n<meta property=\"og:url\" content=\"https:\/\/clusteraudiovisualmadrid.es\/en\/the-madrid-audiovisual-cluster-participates-in-the-event-algo-se-cuece-en-madrid-as-part-of-the-71st-edition-of-the-san-sebastian-film-festival\/\" \/>\n<meta property=\"og:site_name\" content=\"Cluster Madrid\" \/>\n<meta property=\"article:published_time\" content=\"2024-09-23T09:40:02+00:00\" \/>\n<meta property=\"article:modified_time\" content=\"2025-01-13T09:43:04+00:00\" \/>\n<meta property=\"og:image\" content=\"https:\/\/clusteraudiovisualmadrid.es\/wp-content\/uploads\/2024\/12\/san-sebastian.jpg\" \/>\n\t<meta property=\"og:image:width\" content=\"1200\" \/>\n\t<meta property=\"og:image:height\" content=\"741\" \/>\n\t<meta property=\"og:image:type\" content=\"image\/jpeg\" \/>\n<meta name=\"author\" content=\"Redacci\u00f3n Cl\u00faster Audiovisual de Madrid\" \/>\n<meta name=\"twitter:card\" content=\"summary_large_image\" \/>\n<meta name=\"twitter:label1\" content=\"Written by\" \/>\n\t<meta name=\"twitter:data1\" content=\"Redacci\u00f3n Cl\u00faster Audiovisual de Madrid\" \/>\n\t<meta name=\"twitter:label2\" content=\"Est. reading time\" \/>\n\t<meta name=\"twitter:data2\" content=\"1 minute\" \/>\n<script type=\"application\/ld+json\" class=\"yoast-schema-graph\">{\"@context\":\"https:\\\/\\\/schema.org\",\"@graph\":[{\"@type\":\"Article\",\"@id\":\"https:\\\/\\\/clusteraudiovisualmadrid.es\\\/en\\\/the-madrid-audiovisual-cluster-participates-in-the-event-algo-se-cuece-en-madrid-as-part-of-the-71st-edition-of-the-san-sebastian-film-festival\\\/#article\",\"isPartOf\":{\"@id\":\"https:\\\/\\\/clusteraudiovisualmadrid.es\\\/en\\\/the-madrid-audiovisual-cluster-participates-in-the-event-algo-se-cuece-en-madrid-as-part-of-the-71st-edition-of-the-san-sebastian-film-festival\\\/\"},\"author\":{\"name\":\"Redacci\u00f3n Cl\u00faster Audiovisual de Madrid\",\"@id\":\"https:\\\/\\\/clusteraudiovisualmadrid.es\\\/en\\\/#\\\/schema\\\/person\\\/b90fdb31be5535150ffca6b0c5b5f01b\"},\"headline\":\"The Madrid Audiovisual Cluster participates in the event &#8220;Algo se cuece en Madrid&#8221; as part of the 71st edition of the San Sebasti\u00e1n Film Festival.\",\"datePublished\":\"2024-09-23T09:40:02+00:00\",\"dateModified\":\"2025-01-13T09:43:04+00:00\",\"mainEntityOfPage\":{\"@id\":\"https:\\\/\\\/clusteraudiovisualmadrid.es\\\/en\\\/the-madrid-audiovisual-cluster-participates-in-the-event-algo-se-cuece-en-madrid-as-part-of-the-71st-edition-of-the-san-sebastian-film-festival\\\/\"},\"wordCount\":207,\"publisher\":{\"@id\":\"https:\\\/\\\/clusteraudiovisualmadrid.es\\\/en\\\/#organization\"},\"image\":{\"@id\":\"https:\\\/\\\/clusteraudiovisualmadrid.es\\\/en\\\/the-madrid-audiovisual-cluster-participates-in-the-event-algo-se-cuece-en-madrid-as-part-of-the-71st-edition-of-the-san-sebastian-film-festival\\\/#primaryimage\"},\"thumbnailUrl\":\"https:\\\/\\\/clusteraudiovisualmadrid.es\\\/wp-content\\\/uploads\\\/2024\\\/12\\\/san-sebastian.jpg\",\"articleSection\":[\"News\"],\"inLanguage\":\"en-US\"},{\"@type\":\"WebPage\",\"@id\":\"https:\\\/\\\/clusteraudiovisualmadrid.es\\\/en\\\/the-madrid-audiovisual-cluster-participates-in-the-event-algo-se-cuece-en-madrid-as-part-of-the-71st-edition-of-the-san-sebastian-film-festival\\\/\",\"url\":\"https:\\\/\\\/clusteraudiovisualmadrid.es\\\/en\\\/the-madrid-audiovisual-cluster-participates-in-the-event-algo-se-cuece-en-madrid-as-part-of-the-71st-edition-of-the-san-sebastian-film-festival\\\/\",\"name\":\"The Madrid Audiovisual Cluster participates in the event \\\"Algo se cuece en Madrid\\\" as part of the 71st edition of the San Sebasti\u00e1n Film Festival. - Cluster Madrid\",\"isPartOf\":{\"@id\":\"https:\\\/\\\/clusteraudiovisualmadrid.es\\\/en\\\/#website\"},\"primaryImageOfPage\":{\"@id\":\"https:\\\/\\\/clusteraudiovisualmadrid.es\\\/en\\\/the-madrid-audiovisual-cluster-participates-in-the-event-algo-se-cuece-en-madrid-as-part-of-the-71st-edition-of-the-san-sebastian-film-festival\\\/#primaryimage\"},\"image\":{\"@id\":\"https:\\\/\\\/clusteraudiovisualmadrid.es\\\/en\\\/the-madrid-audiovisual-cluster-participates-in-the-event-algo-se-cuece-en-madrid-as-part-of-the-71st-edition-of-the-san-sebastian-film-festival\\\/#primaryimage\"},\"thumbnailUrl\":\"https:\\\/\\\/clusteraudiovisualmadrid.es\\\/wp-content\\\/uploads\\\/2024\\\/12\\\/san-sebastian.jpg\",\"datePublished\":\"2024-09-23T09:40:02+00:00\",\"dateModified\":\"2025-01-13T09:43:04+00:00\",\"breadcrumb\":{\"@id\":\"https:\\\/\\\/clusteraudiovisualmadrid.es\\\/en\\\/the-madrid-audiovisual-cluster-participates-in-the-event-algo-se-cuece-en-madrid-as-part-of-the-71st-edition-of-the-san-sebastian-film-festival\\\/#breadcrumb\"},\"inLanguage\":\"en-US\",\"potentialAction\":[{\"@type\":\"ReadAction\",\"target\":[\"https:\\\/\\\/clusteraudiovisualmadrid.es\\\/en\\\/the-madrid-audiovisual-cluster-participates-in-the-event-algo-se-cuece-en-madrid-as-part-of-the-71st-edition-of-the-san-sebastian-film-festival\\\/\"]}]},{\"@type\":\"ImageObject\",\"inLanguage\":\"en-US\",\"@id\":\"https:\\\/\\\/clusteraudiovisualmadrid.es\\\/en\\\/the-madrid-audiovisual-cluster-participates-in-the-event-algo-se-cuece-en-madrid-as-part-of-the-71st-edition-of-the-san-sebastian-film-festival\\\/#primaryimage\",\"url\":\"https:\\\/\\\/clusteraudiovisualmadrid.es\\\/wp-content\\\/uploads\\\/2024\\\/12\\\/san-sebastian.jpg\",\"contentUrl\":\"https:\\\/\\\/clusteraudiovisualmadrid.es\\\/wp-content\\\/uploads\\\/2024\\\/12\\\/san-sebastian.jpg\",\"width\":1200,\"height\":741},{\"@type\":\"BreadcrumbList\",\"@id\":\"https:\\\/\\\/clusteraudiovisualmadrid.es\\\/en\\\/the-madrid-audiovisual-cluster-participates-in-the-event-algo-se-cuece-en-madrid-as-part-of-the-71st-edition-of-the-san-sebastian-film-festival\\\/#breadcrumb\",\"itemListElement\":[{\"@type\":\"ListItem\",\"position\":1,\"name\":\"Portada\",\"item\":\"https:\\\/\\\/clusteraudiovisualmadrid.es\\\/\"},{\"@type\":\"ListItem\",\"position\":2,\"name\":\"The Madrid Audiovisual Cluster participates in the event \u00abAlgo se cuece en Madrid\u00bb as part of the 71st edition of the San Sebasti\u00e1n Film Festival.\"}]},{\"@type\":\"WebSite\",\"@id\":\"https:\\\/\\\/clusteraudiovisualmadrid.es\\\/en\\\/#website\",\"url\":\"https:\\\/\\\/clusteraudiovisualmadrid.es\\\/en\\\/\",\"name\":\"Cluster Madrid\",\"description\":\"\",\"publisher\":{\"@id\":\"https:\\\/\\\/clusteraudiovisualmadrid.es\\\/en\\\/#organization\"},\"potentialAction\":[{\"@type\":\"SearchAction\",\"target\":{\"@type\":\"EntryPoint\",\"urlTemplate\":\"https:\\\/\\\/clusteraudiovisualmadrid.es\\\/en\\\/?s={search_term_string}\"},\"query-input\":{\"@type\":\"PropertyValueSpecification\",\"valueRequired\":true,\"valueName\":\"search_term_string\"}}],\"inLanguage\":\"en-US\"},{\"@type\":\"Organization\",\"@id\":\"https:\\\/\\\/clusteraudiovisualmadrid.es\\\/en\\\/#organization\",\"name\":\"Cluster Madrid\",\"url\":\"https:\\\/\\\/clusteraudiovisualmadrid.es\\\/en\\\/\",\"logo\":{\"@type\":\"ImageObject\",\"inLanguage\":\"en-US\",\"@id\":\"https:\\\/\\\/clusteraudiovisualmadrid.es\\\/en\\\/#\\\/schema\\\/logo\\\/image\\\/\",\"url\":\"https:\\\/\\\/clusteraudiovisualmadrid.es\\\/wp-content\\\/uploads\\\/2024\\\/09\\\/Grupo-53.svg\",\"contentUrl\":\"https:\\\/\\\/clusteraudiovisualmadrid.es\\\/wp-content\\\/uploads\\\/2024\\\/09\\\/Grupo-53.svg\",\"width\":66,\"height\":66,\"caption\":\"Cluster Madrid\"},\"image\":{\"@id\":\"https:\\\/\\\/clusteraudiovisualmadrid.es\\\/en\\\/#\\\/schema\\\/logo\\\/image\\\/\"}},{\"@type\":\"Person\",\"@id\":\"https:\\\/\\\/clusteraudiovisualmadrid.es\\\/en\\\/#\\\/schema\\\/person\\\/b90fdb31be5535150ffca6b0c5b5f01b\",\"name\":\"Redacci\u00f3n Cl\u00faster Audiovisual de Madrid\",\"image\":{\"@type\":\"ImageObject\",\"inLanguage\":\"en-US\",\"@id\":\"https:\\\/\\\/secure.gravatar.com\\\/avatar\\\/7f3d8b7a5d1a7749a31a9c572fd20d7dc0f10a77d64acd671d1d2bd2d90aeaea?s=96&r=g&d=https:\\\/\\\/clusteraudiovisualmadrid.es\\\/wp-content\\\/plugins\\\/userswp\\\/assets\\\/images\\\/no_profile.png\",\"url\":\"https:\\\/\\\/secure.gravatar.com\\\/avatar\\\/7f3d8b7a5d1a7749a31a9c572fd20d7dc0f10a77d64acd671d1d2bd2d90aeaea?s=96&r=g&d=https:\\\/\\\/clusteraudiovisualmadrid.es\\\/wp-content\\\/plugins\\\/userswp\\\/assets\\\/images\\\/no_profile.png\",\"contentUrl\":\"https:\\\/\\\/secure.gravatar.com\\\/avatar\\\/7f3d8b7a5d1a7749a31a9c572fd20d7dc0f10a77d64acd671d1d2bd2d90aeaea?s=96&r=g&d=https:\\\/\\\/clusteraudiovisualmadrid.es\\\/wp-content\\\/plugins\\\/userswp\\\/assets\\\/images\\\/no_profile.png\",\"caption\":\"Redacci\u00f3n Cl\u00faster Audiovisual de Madrid\"},\"description\":\"T\u00e9cnico de marketing en Brandominus.\",\"url\":\"https:\\\/\\\/clusteraudiovisualmadrid.es\\\/profile\\\/cluster_pablo\\\/\"}]}<\/script>\n<!-- \/ Yoast SEO plugin. -->","yoast_head_json":{"title":"The Madrid Audiovisual Cluster participates in the event \"Algo se cuece en Madrid\" as part of the 71st edition of the San Sebasti\u00e1n Film Festival. - Cluster Madrid","robots":{"index":"index","follow":"follow","max-snippet":"max-snippet:-1","max-image-preview":"max-image-preview:large","max-video-preview":"max-video-preview:-1"},"canonical":"https:\/\/clusteraudiovisualmadrid.es\/en\/the-madrid-audiovisual-cluster-participates-in-the-event-algo-se-cuece-en-madrid-as-part-of-the-71st-edition-of-the-san-sebastian-film-festival\/","og_locale":"en_US","og_type":"article","og_title":"The Madrid Audiovisual Cluster participates in the event \"Algo se cuece en Madrid\" as part of the 71st edition of the San Sebasti\u00e1n Film Festival. - Cluster Madrid","og_description":"The Madrid Audiovisual Cluster participated in the event \"Algo se cuece en Madrid\" as part of the 71st edition of the San Sebasti\u00e1n Film Festival, or","og_url":"https:\/\/clusteraudiovisualmadrid.es\/en\/the-madrid-audiovisual-cluster-participates-in-the-event-algo-se-cuece-en-madrid-as-part-of-the-71st-edition-of-the-san-sebastian-film-festival\/","og_site_name":"Cluster Madrid","article_published_time":"2024-09-23T09:40:02+00:00","article_modified_time":"2025-01-13T09:43:04+00:00","og_image":[{"width":1200,"height":741,"url":"https:\/\/clusteraudiovisualmadrid.es\/wp-content\/uploads\/2024\/12\/san-sebastian.jpg","type":"image\/jpeg"}],"author":"Redacci\u00f3n Cl\u00faster Audiovisual de Madrid","twitter_card":"summary_large_image","twitter_misc":{"Written by":"Redacci\u00f3n Cl\u00faster Audiovisual de Madrid","Est. reading time":"1 minute"},"schema":{"@context":"https:\/\/schema.org","@graph":[{"@type":"Article","@id":"https:\/\/clusteraudiovisualmadrid.es\/en\/the-madrid-audiovisual-cluster-participates-in-the-event-algo-se-cuece-en-madrid-as-part-of-the-71st-edition-of-the-san-sebastian-film-festival\/#article","isPartOf":{"@id":"https:\/\/clusteraudiovisualmadrid.es\/en\/the-madrid-audiovisual-cluster-participates-in-the-event-algo-se-cuece-en-madrid-as-part-of-the-71st-edition-of-the-san-sebastian-film-festival\/"},"author":{"name":"Redacci\u00f3n Cl\u00faster Audiovisual de Madrid","@id":"https:\/\/clusteraudiovisualmadrid.es\/en\/#\/schema\/person\/b90fdb31be5535150ffca6b0c5b5f01b"},"headline":"The Madrid Audiovisual Cluster participates in the event &#8220;Algo se cuece en Madrid&#8221; as part of the 71st edition of the San Sebasti\u00e1n Film Festival.","datePublished":"2024-09-23T09:40:02+00:00","dateModified":"2025-01-13T09:43:04+00:00","mainEntityOfPage":{"@id":"https:\/\/clusteraudiovisualmadrid.es\/en\/the-madrid-audiovisual-cluster-participates-in-the-event-algo-se-cuece-en-madrid-as-part-of-the-71st-edition-of-the-san-sebastian-film-festival\/"},"wordCount":207,"publisher":{"@id":"https:\/\/clusteraudiovisualmadrid.es\/en\/#organization"},"image":{"@id":"https:\/\/clusteraudiovisualmadrid.es\/en\/the-madrid-audiovisual-cluster-participates-in-the-event-algo-se-cuece-en-madrid-as-part-of-the-71st-edition-of-the-san-sebastian-film-festival\/#primaryimage"},"thumbnailUrl":"https:\/\/clusteraudiovisualmadrid.es\/wp-content\/uploads\/2024\/12\/san-sebastian.jpg","articleSection":["News"],"inLanguage":"en-US"},{"@type":"WebPage","@id":"https:\/\/clusteraudiovisualmadrid.es\/en\/the-madrid-audiovisual-cluster-participates-in-the-event-algo-se-cuece-en-madrid-as-part-of-the-71st-edition-of-the-san-sebastian-film-festival\/","url":"https:\/\/clusteraudiovisualmadrid.es\/en\/the-madrid-audiovisual-cluster-participates-in-the-event-algo-se-cuece-en-madrid-as-part-of-the-71st-edition-of-the-san-sebastian-film-festival\/","name":"The Madrid Audiovisual Cluster participates in the event \"Algo se cuece en Madrid\" as part of the 71st edition of the San Sebasti\u00e1n Film Festival. - Cluster Madrid","isPartOf":{"@id":"https:\/\/clusteraudiovisualmadrid.es\/en\/#website"},"primaryImageOfPage":{"@id":"https:\/\/clusteraudiovisualmadrid.es\/en\/the-madrid-audiovisual-cluster-participates-in-the-event-algo-se-cuece-en-madrid-as-part-of-the-71st-edition-of-the-san-sebastian-film-festival\/#primaryimage"},"image":{"@id":"https:\/\/clusteraudiovisualmadrid.es\/en\/the-madrid-audiovisual-cluster-participates-in-the-event-algo-se-cuece-en-madrid-as-part-of-the-71st-edition-of-the-san-sebastian-film-festival\/#primaryimage"},"thumbnailUrl":"https:\/\/clusteraudiovisualmadrid.es\/wp-content\/uploads\/2024\/12\/san-sebastian.jpg","datePublished":"2024-09-23T09:40:02+00:00","dateModified":"2025-01-13T09:43:04+00:00","breadcrumb":{"@id":"https:\/\/clusteraudiovisualmadrid.es\/en\/the-madrid-audiovisual-cluster-participates-in-the-event-algo-se-cuece-en-madrid-as-part-of-the-71st-edition-of-the-san-sebastian-film-festival\/#breadcrumb"},"inLanguage":"en-US","potentialAction":[{"@type":"ReadAction","target":["https:\/\/clusteraudiovisualmadrid.es\/en\/the-madrid-audiovisual-cluster-participates-in-the-event-algo-se-cuece-en-madrid-as-part-of-the-71st-edition-of-the-san-sebastian-film-festival\/"]}]},{"@type":"ImageObject","inLanguage":"en-US","@id":"https:\/\/clusteraudiovisualmadrid.es\/en\/the-madrid-audiovisual-cluster-participates-in-the-event-algo-se-cuece-en-madrid-as-part-of-the-71st-edition-of-the-san-sebastian-film-festival\/#primaryimage","url":"https:\/\/clusteraudiovisualmadrid.es\/wp-content\/uploads\/2024\/12\/san-sebastian.jpg","contentUrl":"https:\/\/clusteraudiovisualmadrid.es\/wp-content\/uploads\/2024\/12\/san-sebastian.jpg","width":1200,"height":741},{"@type":"BreadcrumbList","@id":"https:\/\/clusteraudiovisualmadrid.es\/en\/the-madrid-audiovisual-cluster-participates-in-the-event-algo-se-cuece-en-madrid-as-part-of-the-71st-edition-of-the-san-sebastian-film-festival\/#breadcrumb","itemListElement":[{"@type":"ListItem","position":1,"name":"Portada","item":"https:\/\/clusteraudiovisualmadrid.es\/"},{"@type":"ListItem","position":2,"name":"The Madrid Audiovisual Cluster participates in the event \u00abAlgo se cuece en Madrid\u00bb as part of the 71st edition of the San Sebasti\u00e1n Film Festival."}]},{"@type":"WebSite","@id":"https:\/\/clusteraudiovisualmadrid.es\/en\/#website","url":"https:\/\/clusteraudiovisualmadrid.es\/en\/","name":"Cluster Madrid","description":"","publisher":{"@id":"https:\/\/clusteraudiovisualmadrid.es\/en\/#organization"},"potentialAction":[{"@type":"SearchAction","target":{"@type":"EntryPoint","urlTemplate":"https:\/\/clusteraudiovisualmadrid.es\/en\/?s={search_term_string}"},"query-input":{"@type":"PropertyValueSpecification","valueRequired":true,"valueName":"search_term_string"}}],"inLanguage":"en-US"},{"@type":"Organization","@id":"https:\/\/clusteraudiovisualmadrid.es\/en\/#organization","name":"Cluster Madrid","url":"https:\/\/clusteraudiovisualmadrid.es\/en\/","logo":{"@type":"ImageObject","inLanguage":"en-US","@id":"https:\/\/clusteraudiovisualmadrid.es\/en\/#\/schema\/logo\/image\/","url":"https:\/\/clusteraudiovisualmadrid.es\/wp-content\/uploads\/2024\/09\/Grupo-53.svg","contentUrl":"https:\/\/clusteraudiovisualmadrid.es\/wp-content\/uploads\/2024\/09\/Grupo-53.svg","width":66,"height":66,"caption":"Cluster Madrid"},"image":{"@id":"https:\/\/clusteraudiovisualmadrid.es\/en\/#\/schema\/logo\/image\/"}},{"@type":"Person","@id":"https:\/\/clusteraudiovisualmadrid.es\/en\/#\/schema\/person\/b90fdb31be5535150ffca6b0c5b5f01b","name":"Redacci\u00f3n Cl\u00faster Audiovisual de Madrid","image":{"@type":"ImageObject","inLanguage":"en-US","@id":"https:\/\/secure.gravatar.com\/avatar\/7f3d8b7a5d1a7749a31a9c572fd20d7dc0f10a77d64acd671d1d2bd2d90aeaea?s=96&r=g&d=https:\/\/clusteraudiovisualmadrid.es\/wp-content\/plugins\/userswp\/assets\/images\/no_profile.png","url":"https:\/\/secure.gravatar.com\/avatar\/7f3d8b7a5d1a7749a31a9c572fd20d7dc0f10a77d64acd671d1d2bd2d90aeaea?s=96&r=g&d=https:\/\/clusteraudiovisualmadrid.es\/wp-content\/plugins\/userswp\/assets\/images\/no_profile.png","contentUrl":"https:\/\/secure.gravatar.com\/avatar\/7f3d8b7a5d1a7749a31a9c572fd20d7dc0f10a77d64acd671d1d2bd2d90aeaea?s=96&r=g&d=https:\/\/clusteraudiovisualmadrid.es\/wp-content\/plugins\/userswp\/assets\/images\/no_profile.png","caption":"Redacci\u00f3n Cl\u00faster Audiovisual de Madrid"},"description":"T\u00e9cnico de marketing en Brandominus.","url":"https:\/\/clusteraudiovisualmadrid.es\/profile\/cluster_pablo\/"}]}},"_links":{"self":[{"href":"https:\/\/clusteraudiovisualmadrid.es\/en\/wp-json\/wp\/v2\/posts\/2754","targetHints":{"allow":["GET"]}}],"collection":[{"href":"https:\/\/clusteraudiovisualmadrid.es\/en\/wp-json\/wp\/v2\/posts"}],"about":[{"href":"https:\/\/clusteraudiovisualmadrid.es\/en\/wp-json\/wp\/v2\/types\/post"}],"author":[{"embeddable":true,"href":"https:\/\/clusteraudiovisualmadrid.es\/en\/wp-json\/wp\/v2\/users\/4"}],"replies":[{"embeddable":true,"href":"https:\/\/clusteraudiovisualmadrid.es\/en\/wp-json\/wp\/v2\/comments?post=2754"}],"version-history":[{"count":0,"href":"https:\/\/clusteraudiovisualmadrid.es\/en\/wp-json\/wp\/v2\/posts\/2754\/revisions"}],"wp:featuredmedia":[{"embeddable":true,"href":"https:\/\/clusteraudiovisualmadrid.es\/en\/wp-json\/wp\/v2\/media\/2628"}],"wp:attachment":[{"href":"https:\/\/clusteraudiovisualmadrid.es\/en\/wp-json\/wp\/v2\/media?parent=2754"}],"wp:term":[{"taxonomy":"category","embeddable":true,"href":"https:\/\/clusteraudiovisualmadrid.es\/en\/wp-json\/wp\/v2\/categories?post=2754"},{"taxonomy":"post_tag","embeddable":true,"href":"https:\/\/clusteraudiovisualmadrid.es\/en\/wp-json\/wp\/v2\/tags?post=2754"}],"curies":[{"name":"wp","href":"https:\/\/api.w.org\/{rel}","templated":true}]}}