{"id":2752,"date":"2024-10-23T10:31:46","date_gmt":"2024-10-23T09:31:46","guid":{"rendered":"https:\/\/clusteraudiovisualmadrid.es\/?p=2752"},"modified":"2025-01-13T10:33:51","modified_gmt":"2025-01-13T09:33:51","slug":"the-madrid-audiovisual-cluster-participates-in-mipcom","status":"publish","type":"post","link":"https:\/\/clusteraudiovisualmadrid.es\/en\/the-madrid-audiovisual-cluster-participates-in-mipcom\/","title":{"rendered":"The Madrid Audiovisual Cluster participates in MIPCOM"},"content":{"rendered":"\n<p><strong>October 23, 2024<\/strong><\/p>\n\n\n\n<p><em>In the photo, from right to left: Carlos Ant\u00f3n, Mariela Besuievsky, Paloma Andr\u00e9s Urrutia, Carlo D\u2019Ursi, and Teresa Azcona.<\/em><\/p>\n\n\n\n<p>The Madrid Audiovisual Cluster was present at MIPCOM, the largest entertainment content market, held in Cannes from October 21 to 24, 2024. In addition to the director, several members of the Board of Directors attended: Vice President Carlo D\u2019Ursi and board members Paloma Andr\u00e9s Urrutia, Carlos Ant\u00f3n, and Mariela Besuievsky.<\/p>\n\n\n\n<p>This year, Spain was the Country of Honor, with numerous events taking place across different sections of the market. Highlights included the premiere of the RTVE series Ena, partially filmed in Madrid at the Royal Palace and other locations, as well as keynotes by J.A. Bayona, JC Acosta, and Laura Fern\u00e1ndez Espeso.<\/p>\n\n\n\n<p>As part of the Producers Hub activities, the Madrid Audiovisual Cluster supported a networking event on October 23.<\/p>\n\n\n\n<p><\/p>\n","protected":false},"excerpt":{"rendered":"<p>The Madrid Audiovisual Cluster was present at MIPCOM, the largest entertainment content market, held in Cannes from October 21 to 24, 2024.<\/p>\n","protected":false},"author":4,"featured_media":2622,"comment_status":"closed","ping_status":"closed","sticky":false,"template":"","format":"standard","meta":{"footnotes":""},"categories":[17],"tags":[],"class_list":["post-2752","post","type-post","status-publish","format-standard","has-post-thumbnail","hentry","category-news"],"yoast_head":"<!-- This site is optimized with the Yoast SEO plugin v27.4 - https:\/\/yoast.com\/product\/yoast-seo-wordpress\/ -->\n<title>The Madrid Audiovisual Cluster participates in MIPCOM - Cluster Madrid<\/title>\n<meta name=\"robots\" content=\"index, follow, max-snippet:-1, max-image-preview:large, max-video-preview:-1\" \/>\n<link rel=\"canonical\" href=\"https:\/\/clusteraudiovisualmadrid.es\/en\/the-madrid-audiovisual-cluster-participates-in-mipcom\/\" \/>\n<meta property=\"og:locale\" content=\"en_US\" \/>\n<meta property=\"og:type\" content=\"article\" \/>\n<meta property=\"og:title\" content=\"The Madrid Audiovisual Cluster participates in MIPCOM - Cluster Madrid\" \/>\n<meta property=\"og:description\" content=\"The Madrid Audiovisual Cluster was present at MIPCOM, the largest entertainment content market, held in Cannes from October 21 to 24, 2024.\" \/>\n<meta property=\"og:url\" content=\"https:\/\/clusteraudiovisualmadrid.es\/en\/the-madrid-audiovisual-cluster-participates-in-mipcom\/\" \/>\n<meta property=\"og:site_name\" content=\"Cluster Madrid\" \/>\n<meta property=\"article:published_time\" content=\"2024-10-23T09:31:46+00:00\" \/>\n<meta property=\"article:modified_time\" content=\"2025-01-13T09:33:51+00:00\" \/>\n<meta property=\"og:image\" content=\"https:\/\/clusteraudiovisualmadrid.es\/wp-content\/uploads\/2024\/12\/mipcom.jpg\" \/>\n\t<meta property=\"og:image:width\" content=\"1600\" \/>\n\t<meta property=\"og:image:height\" content=\"1200\" \/>\n\t<meta property=\"og:image:type\" content=\"image\/jpeg\" \/>\n<meta name=\"author\" content=\"Redacci\u00f3n Cl\u00faster Audiovisual de Madrid\" \/>\n<meta name=\"twitter:card\" content=\"summary_large_image\" \/>\n<meta name=\"twitter:label1\" content=\"Written by\" \/>\n\t<meta name=\"twitter:data1\" content=\"Redacci\u00f3n Cl\u00faster Audiovisual de Madrid\" \/>\n\t<meta name=\"twitter:label2\" content=\"Est. reading time\" \/>\n\t<meta name=\"twitter:data2\" content=\"1 minute\" \/>\n<script type=\"application\/ld+json\" class=\"yoast-schema-graph\">{\"@context\":\"https:\\\/\\\/schema.org\",\"@graph\":[{\"@type\":\"Article\",\"@id\":\"https:\\\/\\\/clusteraudiovisualmadrid.es\\\/en\\\/the-madrid-audiovisual-cluster-participates-in-mipcom\\\/#article\",\"isPartOf\":{\"@id\":\"https:\\\/\\\/clusteraudiovisualmadrid.es\\\/en\\\/the-madrid-audiovisual-cluster-participates-in-mipcom\\\/\"},\"author\":{\"name\":\"Redacci\u00f3n Cl\u00faster Audiovisual de Madrid\",\"@id\":\"https:\\\/\\\/clusteraudiovisualmadrid.es\\\/en\\\/#\\\/schema\\\/person\\\/b90fdb31be5535150ffca6b0c5b5f01b\"},\"headline\":\"The Madrid Audiovisual Cluster participates in MIPCOM\",\"datePublished\":\"2024-10-23T09:31:46+00:00\",\"dateModified\":\"2025-01-13T09:33:51+00:00\",\"mainEntityOfPage\":{\"@id\":\"https:\\\/\\\/clusteraudiovisualmadrid.es\\\/en\\\/the-madrid-audiovisual-cluster-participates-in-mipcom\\\/\"},\"wordCount\":151,\"publisher\":{\"@id\":\"https:\\\/\\\/clusteraudiovisualmadrid.es\\\/en\\\/#organization\"},\"image\":{\"@id\":\"https:\\\/\\\/clusteraudiovisualmadrid.es\\\/en\\\/the-madrid-audiovisual-cluster-participates-in-mipcom\\\/#primaryimage\"},\"thumbnailUrl\":\"https:\\\/\\\/clusteraudiovisualmadrid.es\\\/wp-content\\\/uploads\\\/2024\\\/12\\\/mipcom.jpg\",\"articleSection\":[\"News\"],\"inLanguage\":\"en-US\"},{\"@type\":\"WebPage\",\"@id\":\"https:\\\/\\\/clusteraudiovisualmadrid.es\\\/en\\\/the-madrid-audiovisual-cluster-participates-in-mipcom\\\/\",\"url\":\"https:\\\/\\\/clusteraudiovisualmadrid.es\\\/en\\\/the-madrid-audiovisual-cluster-participates-in-mipcom\\\/\",\"name\":\"The Madrid Audiovisual Cluster participates in MIPCOM - Cluster Madrid\",\"isPartOf\":{\"@id\":\"https:\\\/\\\/clusteraudiovisualmadrid.es\\\/en\\\/#website\"},\"primaryImageOfPage\":{\"@id\":\"https:\\\/\\\/clusteraudiovisualmadrid.es\\\/en\\\/the-madrid-audiovisual-cluster-participates-in-mipcom\\\/#primaryimage\"},\"image\":{\"@id\":\"https:\\\/\\\/clusteraudiovisualmadrid.es\\\/en\\\/the-madrid-audiovisual-cluster-participates-in-mipcom\\\/#primaryimage\"},\"thumbnailUrl\":\"https:\\\/\\\/clusteraudiovisualmadrid.es\\\/wp-content\\\/uploads\\\/2024\\\/12\\\/mipcom.jpg\",\"datePublished\":\"2024-10-23T09:31:46+00:00\",\"dateModified\":\"2025-01-13T09:33:51+00:00\",\"breadcrumb\":{\"@id\":\"https:\\\/\\\/clusteraudiovisualmadrid.es\\\/en\\\/the-madrid-audiovisual-cluster-participates-in-mipcom\\\/#breadcrumb\"},\"inLanguage\":\"en-US\",\"potentialAction\":[{\"@type\":\"ReadAction\",\"target\":[\"https:\\\/\\\/clusteraudiovisualmadrid.es\\\/en\\\/the-madrid-audiovisual-cluster-participates-in-mipcom\\\/\"]}]},{\"@type\":\"ImageObject\",\"inLanguage\":\"en-US\",\"@id\":\"https:\\\/\\\/clusteraudiovisualmadrid.es\\\/en\\\/the-madrid-audiovisual-cluster-participates-in-mipcom\\\/#primaryimage\",\"url\":\"https:\\\/\\\/clusteraudiovisualmadrid.es\\\/wp-content\\\/uploads\\\/2024\\\/12\\\/mipcom.jpg\",\"contentUrl\":\"https:\\\/\\\/clusteraudiovisualmadrid.es\\\/wp-content\\\/uploads\\\/2024\\\/12\\\/mipcom.jpg\",\"width\":1600,\"height\":1200},{\"@type\":\"BreadcrumbList\",\"@id\":\"https:\\\/\\\/clusteraudiovisualmadrid.es\\\/en\\\/the-madrid-audiovisual-cluster-participates-in-mipcom\\\/#breadcrumb\",\"itemListElement\":[{\"@type\":\"ListItem\",\"position\":1,\"name\":\"Portada\",\"item\":\"https:\\\/\\\/clusteraudiovisualmadrid.es\\\/\"},{\"@type\":\"ListItem\",\"position\":2,\"name\":\"The Madrid Audiovisual Cluster participates in MIPCOM\"}]},{\"@type\":\"WebSite\",\"@id\":\"https:\\\/\\\/clusteraudiovisualmadrid.es\\\/en\\\/#website\",\"url\":\"https:\\\/\\\/clusteraudiovisualmadrid.es\\\/en\\\/\",\"name\":\"Cluster Madrid\",\"description\":\"\",\"publisher\":{\"@id\":\"https:\\\/\\\/clusteraudiovisualmadrid.es\\\/en\\\/#organization\"},\"potentialAction\":[{\"@type\":\"SearchAction\",\"target\":{\"@type\":\"EntryPoint\",\"urlTemplate\":\"https:\\\/\\\/clusteraudiovisualmadrid.es\\\/en\\\/?s={search_term_string}\"},\"query-input\":{\"@type\":\"PropertyValueSpecification\",\"valueRequired\":true,\"valueName\":\"search_term_string\"}}],\"inLanguage\":\"en-US\"},{\"@type\":\"Organization\",\"@id\":\"https:\\\/\\\/clusteraudiovisualmadrid.es\\\/en\\\/#organization\",\"name\":\"Cluster Madrid\",\"url\":\"https:\\\/\\\/clusteraudiovisualmadrid.es\\\/en\\\/\",\"logo\":{\"@type\":\"ImageObject\",\"inLanguage\":\"en-US\",\"@id\":\"https:\\\/\\\/clusteraudiovisualmadrid.es\\\/en\\\/#\\\/schema\\\/logo\\\/image\\\/\",\"url\":\"https:\\\/\\\/clusteraudiovisualmadrid.es\\\/wp-content\\\/uploads\\\/2024\\\/09\\\/Grupo-53.svg\",\"contentUrl\":\"https:\\\/\\\/clusteraudiovisualmadrid.es\\\/wp-content\\\/uploads\\\/2024\\\/09\\\/Grupo-53.svg\",\"width\":66,\"height\":66,\"caption\":\"Cluster Madrid\"},\"image\":{\"@id\":\"https:\\\/\\\/clusteraudiovisualmadrid.es\\\/en\\\/#\\\/schema\\\/logo\\\/image\\\/\"}},{\"@type\":\"Person\",\"@id\":\"https:\\\/\\\/clusteraudiovisualmadrid.es\\\/en\\\/#\\\/schema\\\/person\\\/b90fdb31be5535150ffca6b0c5b5f01b\",\"name\":\"Redacci\u00f3n Cl\u00faster Audiovisual de Madrid\",\"image\":{\"@type\":\"ImageObject\",\"inLanguage\":\"en-US\",\"@id\":\"https:\\\/\\\/secure.gravatar.com\\\/avatar\\\/7f3d8b7a5d1a7749a31a9c572fd20d7dc0f10a77d64acd671d1d2bd2d90aeaea?s=96&r=g&d=https:\\\/\\\/clusteraudiovisualmadrid.es\\\/wp-content\\\/plugins\\\/userswp\\\/assets\\\/images\\\/no_profile.png\",\"url\":\"https:\\\/\\\/secure.gravatar.com\\\/avatar\\\/7f3d8b7a5d1a7749a31a9c572fd20d7dc0f10a77d64acd671d1d2bd2d90aeaea?s=96&r=g&d=https:\\\/\\\/clusteraudiovisualmadrid.es\\\/wp-content\\\/plugins\\\/userswp\\\/assets\\\/images\\\/no_profile.png\",\"contentUrl\":\"https:\\\/\\\/secure.gravatar.com\\\/avatar\\\/7f3d8b7a5d1a7749a31a9c572fd20d7dc0f10a77d64acd671d1d2bd2d90aeaea?s=96&r=g&d=https:\\\/\\\/clusteraudiovisualmadrid.es\\\/wp-content\\\/plugins\\\/userswp\\\/assets\\\/images\\\/no_profile.png\",\"caption\":\"Redacci\u00f3n Cl\u00faster Audiovisual de Madrid\"},\"description\":\"T\u00e9cnico de marketing en Brandominus.\",\"url\":\"https:\\\/\\\/clusteraudiovisualmadrid.es\\\/profile\\\/cluster_pablo\\\/\"}]}<\/script>\n<!-- \/ Yoast SEO plugin. -->","yoast_head_json":{"title":"The Madrid Audiovisual Cluster participates in MIPCOM - Cluster Madrid","robots":{"index":"index","follow":"follow","max-snippet":"max-snippet:-1","max-image-preview":"max-image-preview:large","max-video-preview":"max-video-preview:-1"},"canonical":"https:\/\/clusteraudiovisualmadrid.es\/en\/the-madrid-audiovisual-cluster-participates-in-mipcom\/","og_locale":"en_US","og_type":"article","og_title":"The Madrid Audiovisual Cluster participates in MIPCOM - Cluster Madrid","og_description":"The Madrid Audiovisual Cluster was present at MIPCOM, the largest entertainment content market, held in Cannes from October 21 to 24, 2024.","og_url":"https:\/\/clusteraudiovisualmadrid.es\/en\/the-madrid-audiovisual-cluster-participates-in-mipcom\/","og_site_name":"Cluster Madrid","article_published_time":"2024-10-23T09:31:46+00:00","article_modified_time":"2025-01-13T09:33:51+00:00","og_image":[{"width":1600,"height":1200,"url":"https:\/\/clusteraudiovisualmadrid.es\/wp-content\/uploads\/2024\/12\/mipcom.jpg","type":"image\/jpeg"}],"author":"Redacci\u00f3n Cl\u00faster Audiovisual de Madrid","twitter_card":"summary_large_image","twitter_misc":{"Written by":"Redacci\u00f3n Cl\u00faster Audiovisual de Madrid","Est. reading time":"1 minute"},"schema":{"@context":"https:\/\/schema.org","@graph":[{"@type":"Article","@id":"https:\/\/clusteraudiovisualmadrid.es\/en\/the-madrid-audiovisual-cluster-participates-in-mipcom\/#article","isPartOf":{"@id":"https:\/\/clusteraudiovisualmadrid.es\/en\/the-madrid-audiovisual-cluster-participates-in-mipcom\/"},"author":{"name":"Redacci\u00f3n Cl\u00faster Audiovisual de Madrid","@id":"https:\/\/clusteraudiovisualmadrid.es\/en\/#\/schema\/person\/b90fdb31be5535150ffca6b0c5b5f01b"},"headline":"The Madrid Audiovisual Cluster participates in MIPCOM","datePublished":"2024-10-23T09:31:46+00:00","dateModified":"2025-01-13T09:33:51+00:00","mainEntityOfPage":{"@id":"https:\/\/clusteraudiovisualmadrid.es\/en\/the-madrid-audiovisual-cluster-participates-in-mipcom\/"},"wordCount":151,"publisher":{"@id":"https:\/\/clusteraudiovisualmadrid.es\/en\/#organization"},"image":{"@id":"https:\/\/clusteraudiovisualmadrid.es\/en\/the-madrid-audiovisual-cluster-participates-in-mipcom\/#primaryimage"},"thumbnailUrl":"https:\/\/clusteraudiovisualmadrid.es\/wp-content\/uploads\/2024\/12\/mipcom.jpg","articleSection":["News"],"inLanguage":"en-US"},{"@type":"WebPage","@id":"https:\/\/clusteraudiovisualmadrid.es\/en\/the-madrid-audiovisual-cluster-participates-in-mipcom\/","url":"https:\/\/clusteraudiovisualmadrid.es\/en\/the-madrid-audiovisual-cluster-participates-in-mipcom\/","name":"The Madrid Audiovisual Cluster participates in MIPCOM - Cluster Madrid","isPartOf":{"@id":"https:\/\/clusteraudiovisualmadrid.es\/en\/#website"},"primaryImageOfPage":{"@id":"https:\/\/clusteraudiovisualmadrid.es\/en\/the-madrid-audiovisual-cluster-participates-in-mipcom\/#primaryimage"},"image":{"@id":"https:\/\/clusteraudiovisualmadrid.es\/en\/the-madrid-audiovisual-cluster-participates-in-mipcom\/#primaryimage"},"thumbnailUrl":"https:\/\/clusteraudiovisualmadrid.es\/wp-content\/uploads\/2024\/12\/mipcom.jpg","datePublished":"2024-10-23T09:31:46+00:00","dateModified":"2025-01-13T09:33:51+00:00","breadcrumb":{"@id":"https:\/\/clusteraudiovisualmadrid.es\/en\/the-madrid-audiovisual-cluster-participates-in-mipcom\/#breadcrumb"},"inLanguage":"en-US","potentialAction":[{"@type":"ReadAction","target":["https:\/\/clusteraudiovisualmadrid.es\/en\/the-madrid-audiovisual-cluster-participates-in-mipcom\/"]}]},{"@type":"ImageObject","inLanguage":"en-US","@id":"https:\/\/clusteraudiovisualmadrid.es\/en\/the-madrid-audiovisual-cluster-participates-in-mipcom\/#primaryimage","url":"https:\/\/clusteraudiovisualmadrid.es\/wp-content\/uploads\/2024\/12\/mipcom.jpg","contentUrl":"https:\/\/clusteraudiovisualmadrid.es\/wp-content\/uploads\/2024\/12\/mipcom.jpg","width":1600,"height":1200},{"@type":"BreadcrumbList","@id":"https:\/\/clusteraudiovisualmadrid.es\/en\/the-madrid-audiovisual-cluster-participates-in-mipcom\/#breadcrumb","itemListElement":[{"@type":"ListItem","position":1,"name":"Portada","item":"https:\/\/clusteraudiovisualmadrid.es\/"},{"@type":"ListItem","position":2,"name":"The Madrid Audiovisual Cluster participates in MIPCOM"}]},{"@type":"WebSite","@id":"https:\/\/clusteraudiovisualmadrid.es\/en\/#website","url":"https:\/\/clusteraudiovisualmadrid.es\/en\/","name":"Cluster Madrid","description":"","publisher":{"@id":"https:\/\/clusteraudiovisualmadrid.es\/en\/#organization"},"potentialAction":[{"@type":"SearchAction","target":{"@type":"EntryPoint","urlTemplate":"https:\/\/clusteraudiovisualmadrid.es\/en\/?s={search_term_string}"},"query-input":{"@type":"PropertyValueSpecification","valueRequired":true,"valueName":"search_term_string"}}],"inLanguage":"en-US"},{"@type":"Organization","@id":"https:\/\/clusteraudiovisualmadrid.es\/en\/#organization","name":"Cluster Madrid","url":"https:\/\/clusteraudiovisualmadrid.es\/en\/","logo":{"@type":"ImageObject","inLanguage":"en-US","@id":"https:\/\/clusteraudiovisualmadrid.es\/en\/#\/schema\/logo\/image\/","url":"https:\/\/clusteraudiovisualmadrid.es\/wp-content\/uploads\/2024\/09\/Grupo-53.svg","contentUrl":"https:\/\/clusteraudiovisualmadrid.es\/wp-content\/uploads\/2024\/09\/Grupo-53.svg","width":66,"height":66,"caption":"Cluster Madrid"},"image":{"@id":"https:\/\/clusteraudiovisualmadrid.es\/en\/#\/schema\/logo\/image\/"}},{"@type":"Person","@id":"https:\/\/clusteraudiovisualmadrid.es\/en\/#\/schema\/person\/b90fdb31be5535150ffca6b0c5b5f01b","name":"Redacci\u00f3n Cl\u00faster Audiovisual de Madrid","image":{"@type":"ImageObject","inLanguage":"en-US","@id":"https:\/\/secure.gravatar.com\/avatar\/7f3d8b7a5d1a7749a31a9c572fd20d7dc0f10a77d64acd671d1d2bd2d90aeaea?s=96&r=g&d=https:\/\/clusteraudiovisualmadrid.es\/wp-content\/plugins\/userswp\/assets\/images\/no_profile.png","url":"https:\/\/secure.gravatar.com\/avatar\/7f3d8b7a5d1a7749a31a9c572fd20d7dc0f10a77d64acd671d1d2bd2d90aeaea?s=96&r=g&d=https:\/\/clusteraudiovisualmadrid.es\/wp-content\/plugins\/userswp\/assets\/images\/no_profile.png","contentUrl":"https:\/\/secure.gravatar.com\/avatar\/7f3d8b7a5d1a7749a31a9c572fd20d7dc0f10a77d64acd671d1d2bd2d90aeaea?s=96&r=g&d=https:\/\/clusteraudiovisualmadrid.es\/wp-content\/plugins\/userswp\/assets\/images\/no_profile.png","caption":"Redacci\u00f3n Cl\u00faster Audiovisual de Madrid"},"description":"T\u00e9cnico de marketing en Brandominus.","url":"https:\/\/clusteraudiovisualmadrid.es\/profile\/cluster_pablo\/"}]}},"_links":{"self":[{"href":"https:\/\/clusteraudiovisualmadrid.es\/en\/wp-json\/wp\/v2\/posts\/2752","targetHints":{"allow":["GET"]}}],"collection":[{"href":"https:\/\/clusteraudiovisualmadrid.es\/en\/wp-json\/wp\/v2\/posts"}],"about":[{"href":"https:\/\/clusteraudiovisualmadrid.es\/en\/wp-json\/wp\/v2\/types\/post"}],"author":[{"embeddable":true,"href":"https:\/\/clusteraudiovisualmadrid.es\/en\/wp-json\/wp\/v2\/users\/4"}],"replies":[{"embeddable":true,"href":"https:\/\/clusteraudiovisualmadrid.es\/en\/wp-json\/wp\/v2\/comments?post=2752"}],"version-history":[{"count":0,"href":"https:\/\/clusteraudiovisualmadrid.es\/en\/wp-json\/wp\/v2\/posts\/2752\/revisions"}],"wp:featuredmedia":[{"embeddable":true,"href":"https:\/\/clusteraudiovisualmadrid.es\/en\/wp-json\/wp\/v2\/media\/2622"}],"wp:attachment":[{"href":"https:\/\/clusteraudiovisualmadrid.es\/en\/wp-json\/wp\/v2\/media?parent=2752"}],"wp:term":[{"taxonomy":"category","embeddable":true,"href":"https:\/\/clusteraudiovisualmadrid.es\/en\/wp-json\/wp\/v2\/categories?post=2752"},{"taxonomy":"post_tag","embeddable":true,"href":"https:\/\/clusteraudiovisualmadrid.es\/en\/wp-json\/wp\/v2\/tags?post=2752"}],"curies":[{"name":"wp","href":"https:\/\/api.w.org\/{rel}","templated":true}]}}