{"id":2749,"date":"2024-10-04T10:21:15","date_gmt":"2024-10-04T09:21:15","guid":{"rendered":"https:\/\/clusteraudiovisualmadrid.es\/?p=2749"},"modified":"2025-01-13T10:31:16","modified_gmt":"2025-01-13T09:31:16","slug":"roundtable-on-the-role-of-clusters-in-driving-innovation-and-competitiveness-in-the-audiovisual-sector-at-iberseries-platino-industria","status":"publish","type":"post","link":"https:\/\/clusteraudiovisualmadrid.es\/en\/roundtable-on-the-role-of-clusters-in-driving-innovation-and-competitiveness-in-the-audiovisual-sector-at-iberseries-platino-industria\/","title":{"rendered":"Roundtable on the role of clusters in driving innovation and competitiveness in the audiovisual sector at Iberseries &amp; Platino Industria"},"content":{"rendered":"\n<p><strong>October 4, 2024<\/strong><\/p>\n\n\n\n<p>As part of the 4th edition of Iberseries &amp; Platino Industria, the Madrid Audiovisual Cluster organized a roundtable discussion on the role of audiovisual clusters in driving innovation and competitiveness in the audiovisual sector.<\/p>\n\n\n\n<p>The event was moderated by David Martos from <em>Kin\u00f3tico<\/em>, a media outlet specializing in the audiovisual industry.<\/p>\n\n\n\n<p>The panelists, who shared valuable insights and fostered debate, offering new perspectives on the challenges and opportunities of audiovisual clusters, were:<\/p>\n\n\n\n<p>&#8211;\u00a0 Fernanda Lange \u2013 Deputy Head of Department of Media and ICT, Media Industry \u2013 Cluster ICT, Media, and Creative Industries of Berlin and Brandenburg.<\/p>\n\n\n\n<p>&#8211; Miquel Rutllant \u2013 President of the Spanish Network of Audiovisual Clusters and the Audiovisual Cluster of Catalonia.<\/p>\n\n\n\n<p>&#8211; Samuel Castro \u2013 Board Member of the Madrid Audiovisual Cluster and Co-Director of Iberseries &amp; Platino Industria.<\/p>\n\n\n\n<p>&#8211; Helen Roca \u2013 Vice President of the Buenos Aires Audiovisual Cluster and Partner at the production company Nativa Contenidos.<\/p>\n\n\n\n<p><\/p>\n","protected":false},"excerpt":{"rendered":"<p>The Madrid Audiovisual Cluster organized a roundtable on the role of clusters at the 4th edition of Iberseries &#038; Platino Industria.<\/p>\n","protected":false},"author":4,"featured_media":2608,"comment_status":"closed","ping_status":"closed","sticky":false,"template":"","format":"standard","meta":{"footnotes":""},"categories":[17],"tags":[],"class_list":["post-2749","post","type-post","status-publish","format-standard","has-post-thumbnail","hentry","category-news"],"yoast_head":"<!-- This site is optimized with the Yoast SEO plugin v27.4 - https:\/\/yoast.com\/product\/yoast-seo-wordpress\/ -->\n<title>Roundtable on the role of clusters in driving innovation and competitiveness in the audiovisual sector at Iberseries &amp; Platino Industria - Cluster Madrid<\/title>\n<meta name=\"robots\" content=\"index, follow, max-snippet:-1, max-image-preview:large, max-video-preview:-1\" \/>\n<link rel=\"canonical\" href=\"https:\/\/clusteraudiovisualmadrid.es\/en\/roundtable-on-the-role-of-clusters-in-driving-innovation-and-competitiveness-in-the-audiovisual-sector-at-iberseries-platino-industria\/\" \/>\n<meta property=\"og:locale\" content=\"en_US\" \/>\n<meta property=\"og:type\" content=\"article\" \/>\n<meta property=\"og:title\" content=\"Roundtable on the role of clusters in driving innovation and competitiveness in the audiovisual sector at Iberseries &amp; Platino Industria - Cluster Madrid\" \/>\n<meta property=\"og:description\" content=\"The Madrid Audiovisual Cluster organized a roundtable on the role of clusters at the 4th edition of Iberseries &amp; Platino Industria.\" \/>\n<meta property=\"og:url\" content=\"https:\/\/clusteraudiovisualmadrid.es\/en\/roundtable-on-the-role-of-clusters-in-driving-innovation-and-competitiveness-in-the-audiovisual-sector-at-iberseries-platino-industria\/\" \/>\n<meta property=\"og:site_name\" content=\"Cluster Madrid\" \/>\n<meta property=\"article:published_time\" content=\"2024-10-04T09:21:15+00:00\" \/>\n<meta property=\"article:modified_time\" content=\"2025-01-13T09:31:16+00:00\" \/>\n<meta property=\"og:image\" content=\"https:\/\/clusteraudiovisualmadrid.es\/wp-content\/uploads\/2024\/12\/image.png\" \/>\n\t<meta property=\"og:image:width\" content=\"886\" \/>\n\t<meta property=\"og:image:height\" content=\"590\" \/>\n\t<meta property=\"og:image:type\" content=\"image\/png\" \/>\n<meta name=\"author\" content=\"Redacci\u00f3n Cl\u00faster Audiovisual de Madrid\" \/>\n<meta name=\"twitter:card\" content=\"summary_large_image\" \/>\n<meta name=\"twitter:label1\" content=\"Written by\" \/>\n\t<meta name=\"twitter:data1\" content=\"Redacci\u00f3n Cl\u00faster Audiovisual de Madrid\" \/>\n\t<meta name=\"twitter:label2\" content=\"Est. reading time\" \/>\n\t<meta name=\"twitter:data2\" content=\"1 minute\" \/>\n<script type=\"application\/ld+json\" class=\"yoast-schema-graph\">{\"@context\":\"https:\\\/\\\/schema.org\",\"@graph\":[{\"@type\":\"Article\",\"@id\":\"https:\\\/\\\/clusteraudiovisualmadrid.es\\\/en\\\/roundtable-on-the-role-of-clusters-in-driving-innovation-and-competitiveness-in-the-audiovisual-sector-at-iberseries-platino-industria\\\/#article\",\"isPartOf\":{\"@id\":\"https:\\\/\\\/clusteraudiovisualmadrid.es\\\/en\\\/roundtable-on-the-role-of-clusters-in-driving-innovation-and-competitiveness-in-the-audiovisual-sector-at-iberseries-platino-industria\\\/\"},\"author\":{\"name\":\"Redacci\u00f3n Cl\u00faster Audiovisual de Madrid\",\"@id\":\"https:\\\/\\\/clusteraudiovisualmadrid.es\\\/en\\\/#\\\/schema\\\/person\\\/b90fdb31be5535150ffca6b0c5b5f01b\"},\"headline\":\"Roundtable on the role of clusters in driving innovation and competitiveness in the audiovisual sector at Iberseries &amp; Platino Industria\",\"datePublished\":\"2024-10-04T09:21:15+00:00\",\"dateModified\":\"2025-01-13T09:31:16+00:00\",\"mainEntityOfPage\":{\"@id\":\"https:\\\/\\\/clusteraudiovisualmadrid.es\\\/en\\\/roundtable-on-the-role-of-clusters-in-driving-innovation-and-competitiveness-in-the-audiovisual-sector-at-iberseries-platino-industria\\\/\"},\"wordCount\":170,\"publisher\":{\"@id\":\"https:\\\/\\\/clusteraudiovisualmadrid.es\\\/en\\\/#organization\"},\"image\":{\"@id\":\"https:\\\/\\\/clusteraudiovisualmadrid.es\\\/en\\\/roundtable-on-the-role-of-clusters-in-driving-innovation-and-competitiveness-in-the-audiovisual-sector-at-iberseries-platino-industria\\\/#primaryimage\"},\"thumbnailUrl\":\"https:\\\/\\\/clusteraudiovisualmadrid.es\\\/wp-content\\\/uploads\\\/2024\\\/12\\\/image.png\",\"articleSection\":[\"News\"],\"inLanguage\":\"en-US\"},{\"@type\":\"WebPage\",\"@id\":\"https:\\\/\\\/clusteraudiovisualmadrid.es\\\/en\\\/roundtable-on-the-role-of-clusters-in-driving-innovation-and-competitiveness-in-the-audiovisual-sector-at-iberseries-platino-industria\\\/\",\"url\":\"https:\\\/\\\/clusteraudiovisualmadrid.es\\\/en\\\/roundtable-on-the-role-of-clusters-in-driving-innovation-and-competitiveness-in-the-audiovisual-sector-at-iberseries-platino-industria\\\/\",\"name\":\"Roundtable on the role of clusters in driving innovation and competitiveness in the audiovisual sector at Iberseries &amp; Platino Industria - Cluster Madrid\",\"isPartOf\":{\"@id\":\"https:\\\/\\\/clusteraudiovisualmadrid.es\\\/en\\\/#website\"},\"primaryImageOfPage\":{\"@id\":\"https:\\\/\\\/clusteraudiovisualmadrid.es\\\/en\\\/roundtable-on-the-role-of-clusters-in-driving-innovation-and-competitiveness-in-the-audiovisual-sector-at-iberseries-platino-industria\\\/#primaryimage\"},\"image\":{\"@id\":\"https:\\\/\\\/clusteraudiovisualmadrid.es\\\/en\\\/roundtable-on-the-role-of-clusters-in-driving-innovation-and-competitiveness-in-the-audiovisual-sector-at-iberseries-platino-industria\\\/#primaryimage\"},\"thumbnailUrl\":\"https:\\\/\\\/clusteraudiovisualmadrid.es\\\/wp-content\\\/uploads\\\/2024\\\/12\\\/image.png\",\"datePublished\":\"2024-10-04T09:21:15+00:00\",\"dateModified\":\"2025-01-13T09:31:16+00:00\",\"breadcrumb\":{\"@id\":\"https:\\\/\\\/clusteraudiovisualmadrid.es\\\/en\\\/roundtable-on-the-role-of-clusters-in-driving-innovation-and-competitiveness-in-the-audiovisual-sector-at-iberseries-platino-industria\\\/#breadcrumb\"},\"inLanguage\":\"en-US\",\"potentialAction\":[{\"@type\":\"ReadAction\",\"target\":[\"https:\\\/\\\/clusteraudiovisualmadrid.es\\\/en\\\/roundtable-on-the-role-of-clusters-in-driving-innovation-and-competitiveness-in-the-audiovisual-sector-at-iberseries-platino-industria\\\/\"]}]},{\"@type\":\"ImageObject\",\"inLanguage\":\"en-US\",\"@id\":\"https:\\\/\\\/clusteraudiovisualmadrid.es\\\/en\\\/roundtable-on-the-role-of-clusters-in-driving-innovation-and-competitiveness-in-the-audiovisual-sector-at-iberseries-platino-industria\\\/#primaryimage\",\"url\":\"https:\\\/\\\/clusteraudiovisualmadrid.es\\\/wp-content\\\/uploads\\\/2024\\\/12\\\/image.png\",\"contentUrl\":\"https:\\\/\\\/clusteraudiovisualmadrid.es\\\/wp-content\\\/uploads\\\/2024\\\/12\\\/image.png\",\"width\":886,\"height\":590},{\"@type\":\"BreadcrumbList\",\"@id\":\"https:\\\/\\\/clusteraudiovisualmadrid.es\\\/en\\\/roundtable-on-the-role-of-clusters-in-driving-innovation-and-competitiveness-in-the-audiovisual-sector-at-iberseries-platino-industria\\\/#breadcrumb\",\"itemListElement\":[{\"@type\":\"ListItem\",\"position\":1,\"name\":\"Portada\",\"item\":\"https:\\\/\\\/clusteraudiovisualmadrid.es\\\/\"},{\"@type\":\"ListItem\",\"position\":2,\"name\":\"Roundtable on the role of clusters in driving innovation and competitiveness in the audiovisual sector at Iberseries &amp; Platino Industria\"}]},{\"@type\":\"WebSite\",\"@id\":\"https:\\\/\\\/clusteraudiovisualmadrid.es\\\/en\\\/#website\",\"url\":\"https:\\\/\\\/clusteraudiovisualmadrid.es\\\/en\\\/\",\"name\":\"Cluster Madrid\",\"description\":\"\",\"publisher\":{\"@id\":\"https:\\\/\\\/clusteraudiovisualmadrid.es\\\/en\\\/#organization\"},\"potentialAction\":[{\"@type\":\"SearchAction\",\"target\":{\"@type\":\"EntryPoint\",\"urlTemplate\":\"https:\\\/\\\/clusteraudiovisualmadrid.es\\\/en\\\/?s={search_term_string}\"},\"query-input\":{\"@type\":\"PropertyValueSpecification\",\"valueRequired\":true,\"valueName\":\"search_term_string\"}}],\"inLanguage\":\"en-US\"},{\"@type\":\"Organization\",\"@id\":\"https:\\\/\\\/clusteraudiovisualmadrid.es\\\/en\\\/#organization\",\"name\":\"Cluster Madrid\",\"url\":\"https:\\\/\\\/clusteraudiovisualmadrid.es\\\/en\\\/\",\"logo\":{\"@type\":\"ImageObject\",\"inLanguage\":\"en-US\",\"@id\":\"https:\\\/\\\/clusteraudiovisualmadrid.es\\\/en\\\/#\\\/schema\\\/logo\\\/image\\\/\",\"url\":\"https:\\\/\\\/clusteraudiovisualmadrid.es\\\/wp-content\\\/uploads\\\/2024\\\/09\\\/Grupo-53.svg\",\"contentUrl\":\"https:\\\/\\\/clusteraudiovisualmadrid.es\\\/wp-content\\\/uploads\\\/2024\\\/09\\\/Grupo-53.svg\",\"width\":66,\"height\":66,\"caption\":\"Cluster Madrid\"},\"image\":{\"@id\":\"https:\\\/\\\/clusteraudiovisualmadrid.es\\\/en\\\/#\\\/schema\\\/logo\\\/image\\\/\"}},{\"@type\":\"Person\",\"@id\":\"https:\\\/\\\/clusteraudiovisualmadrid.es\\\/en\\\/#\\\/schema\\\/person\\\/b90fdb31be5535150ffca6b0c5b5f01b\",\"name\":\"Redacci\u00f3n Cl\u00faster Audiovisual de Madrid\",\"image\":{\"@type\":\"ImageObject\",\"inLanguage\":\"en-US\",\"@id\":\"https:\\\/\\\/secure.gravatar.com\\\/avatar\\\/7f3d8b7a5d1a7749a31a9c572fd20d7dc0f10a77d64acd671d1d2bd2d90aeaea?s=96&r=g&d=https:\\\/\\\/clusteraudiovisualmadrid.es\\\/wp-content\\\/plugins\\\/userswp\\\/assets\\\/images\\\/no_profile.png\",\"url\":\"https:\\\/\\\/secure.gravatar.com\\\/avatar\\\/7f3d8b7a5d1a7749a31a9c572fd20d7dc0f10a77d64acd671d1d2bd2d90aeaea?s=96&r=g&d=https:\\\/\\\/clusteraudiovisualmadrid.es\\\/wp-content\\\/plugins\\\/userswp\\\/assets\\\/images\\\/no_profile.png\",\"contentUrl\":\"https:\\\/\\\/secure.gravatar.com\\\/avatar\\\/7f3d8b7a5d1a7749a31a9c572fd20d7dc0f10a77d64acd671d1d2bd2d90aeaea?s=96&r=g&d=https:\\\/\\\/clusteraudiovisualmadrid.es\\\/wp-content\\\/plugins\\\/userswp\\\/assets\\\/images\\\/no_profile.png\",\"caption\":\"Redacci\u00f3n Cl\u00faster Audiovisual de Madrid\"},\"description\":\"T\u00e9cnico de marketing en Brandominus.\",\"url\":\"https:\\\/\\\/clusteraudiovisualmadrid.es\\\/profile\\\/cluster_pablo\\\/\"}]}<\/script>\n<!-- \/ Yoast SEO plugin. -->","yoast_head_json":{"title":"Roundtable on the role of clusters in driving innovation and competitiveness in the audiovisual sector at Iberseries &amp; Platino Industria - Cluster Madrid","robots":{"index":"index","follow":"follow","max-snippet":"max-snippet:-1","max-image-preview":"max-image-preview:large","max-video-preview":"max-video-preview:-1"},"canonical":"https:\/\/clusteraudiovisualmadrid.es\/en\/roundtable-on-the-role-of-clusters-in-driving-innovation-and-competitiveness-in-the-audiovisual-sector-at-iberseries-platino-industria\/","og_locale":"en_US","og_type":"article","og_title":"Roundtable on the role of clusters in driving innovation and competitiveness in the audiovisual sector at Iberseries &amp; Platino Industria - Cluster Madrid","og_description":"The Madrid Audiovisual Cluster organized a roundtable on the role of clusters at the 4th edition of Iberseries & Platino Industria.","og_url":"https:\/\/clusteraudiovisualmadrid.es\/en\/roundtable-on-the-role-of-clusters-in-driving-innovation-and-competitiveness-in-the-audiovisual-sector-at-iberseries-platino-industria\/","og_site_name":"Cluster Madrid","article_published_time":"2024-10-04T09:21:15+00:00","article_modified_time":"2025-01-13T09:31:16+00:00","og_image":[{"width":886,"height":590,"url":"https:\/\/clusteraudiovisualmadrid.es\/wp-content\/uploads\/2024\/12\/image.png","type":"image\/png"}],"author":"Redacci\u00f3n Cl\u00faster Audiovisual de Madrid","twitter_card":"summary_large_image","twitter_misc":{"Written by":"Redacci\u00f3n Cl\u00faster Audiovisual de Madrid","Est. reading time":"1 minute"},"schema":{"@context":"https:\/\/schema.org","@graph":[{"@type":"Article","@id":"https:\/\/clusteraudiovisualmadrid.es\/en\/roundtable-on-the-role-of-clusters-in-driving-innovation-and-competitiveness-in-the-audiovisual-sector-at-iberseries-platino-industria\/#article","isPartOf":{"@id":"https:\/\/clusteraudiovisualmadrid.es\/en\/roundtable-on-the-role-of-clusters-in-driving-innovation-and-competitiveness-in-the-audiovisual-sector-at-iberseries-platino-industria\/"},"author":{"name":"Redacci\u00f3n Cl\u00faster Audiovisual de Madrid","@id":"https:\/\/clusteraudiovisualmadrid.es\/en\/#\/schema\/person\/b90fdb31be5535150ffca6b0c5b5f01b"},"headline":"Roundtable on the role of clusters in driving innovation and competitiveness in the audiovisual sector at Iberseries &amp; Platino Industria","datePublished":"2024-10-04T09:21:15+00:00","dateModified":"2025-01-13T09:31:16+00:00","mainEntityOfPage":{"@id":"https:\/\/clusteraudiovisualmadrid.es\/en\/roundtable-on-the-role-of-clusters-in-driving-innovation-and-competitiveness-in-the-audiovisual-sector-at-iberseries-platino-industria\/"},"wordCount":170,"publisher":{"@id":"https:\/\/clusteraudiovisualmadrid.es\/en\/#organization"},"image":{"@id":"https:\/\/clusteraudiovisualmadrid.es\/en\/roundtable-on-the-role-of-clusters-in-driving-innovation-and-competitiveness-in-the-audiovisual-sector-at-iberseries-platino-industria\/#primaryimage"},"thumbnailUrl":"https:\/\/clusteraudiovisualmadrid.es\/wp-content\/uploads\/2024\/12\/image.png","articleSection":["News"],"inLanguage":"en-US"},{"@type":"WebPage","@id":"https:\/\/clusteraudiovisualmadrid.es\/en\/roundtable-on-the-role-of-clusters-in-driving-innovation-and-competitiveness-in-the-audiovisual-sector-at-iberseries-platino-industria\/","url":"https:\/\/clusteraudiovisualmadrid.es\/en\/roundtable-on-the-role-of-clusters-in-driving-innovation-and-competitiveness-in-the-audiovisual-sector-at-iberseries-platino-industria\/","name":"Roundtable on the role of clusters in driving innovation and competitiveness in the audiovisual sector at Iberseries &amp; Platino Industria - Cluster Madrid","isPartOf":{"@id":"https:\/\/clusteraudiovisualmadrid.es\/en\/#website"},"primaryImageOfPage":{"@id":"https:\/\/clusteraudiovisualmadrid.es\/en\/roundtable-on-the-role-of-clusters-in-driving-innovation-and-competitiveness-in-the-audiovisual-sector-at-iberseries-platino-industria\/#primaryimage"},"image":{"@id":"https:\/\/clusteraudiovisualmadrid.es\/en\/roundtable-on-the-role-of-clusters-in-driving-innovation-and-competitiveness-in-the-audiovisual-sector-at-iberseries-platino-industria\/#primaryimage"},"thumbnailUrl":"https:\/\/clusteraudiovisualmadrid.es\/wp-content\/uploads\/2024\/12\/image.png","datePublished":"2024-10-04T09:21:15+00:00","dateModified":"2025-01-13T09:31:16+00:00","breadcrumb":{"@id":"https:\/\/clusteraudiovisualmadrid.es\/en\/roundtable-on-the-role-of-clusters-in-driving-innovation-and-competitiveness-in-the-audiovisual-sector-at-iberseries-platino-industria\/#breadcrumb"},"inLanguage":"en-US","potentialAction":[{"@type":"ReadAction","target":["https:\/\/clusteraudiovisualmadrid.es\/en\/roundtable-on-the-role-of-clusters-in-driving-innovation-and-competitiveness-in-the-audiovisual-sector-at-iberseries-platino-industria\/"]}]},{"@type":"ImageObject","inLanguage":"en-US","@id":"https:\/\/clusteraudiovisualmadrid.es\/en\/roundtable-on-the-role-of-clusters-in-driving-innovation-and-competitiveness-in-the-audiovisual-sector-at-iberseries-platino-industria\/#primaryimage","url":"https:\/\/clusteraudiovisualmadrid.es\/wp-content\/uploads\/2024\/12\/image.png","contentUrl":"https:\/\/clusteraudiovisualmadrid.es\/wp-content\/uploads\/2024\/12\/image.png","width":886,"height":590},{"@type":"BreadcrumbList","@id":"https:\/\/clusteraudiovisualmadrid.es\/en\/roundtable-on-the-role-of-clusters-in-driving-innovation-and-competitiveness-in-the-audiovisual-sector-at-iberseries-platino-industria\/#breadcrumb","itemListElement":[{"@type":"ListItem","position":1,"name":"Portada","item":"https:\/\/clusteraudiovisualmadrid.es\/"},{"@type":"ListItem","position":2,"name":"Roundtable on the role of clusters in driving innovation and competitiveness in the audiovisual sector at Iberseries &amp; Platino Industria"}]},{"@type":"WebSite","@id":"https:\/\/clusteraudiovisualmadrid.es\/en\/#website","url":"https:\/\/clusteraudiovisualmadrid.es\/en\/","name":"Cluster Madrid","description":"","publisher":{"@id":"https:\/\/clusteraudiovisualmadrid.es\/en\/#organization"},"potentialAction":[{"@type":"SearchAction","target":{"@type":"EntryPoint","urlTemplate":"https:\/\/clusteraudiovisualmadrid.es\/en\/?s={search_term_string}"},"query-input":{"@type":"PropertyValueSpecification","valueRequired":true,"valueName":"search_term_string"}}],"inLanguage":"en-US"},{"@type":"Organization","@id":"https:\/\/clusteraudiovisualmadrid.es\/en\/#organization","name":"Cluster Madrid","url":"https:\/\/clusteraudiovisualmadrid.es\/en\/","logo":{"@type":"ImageObject","inLanguage":"en-US","@id":"https:\/\/clusteraudiovisualmadrid.es\/en\/#\/schema\/logo\/image\/","url":"https:\/\/clusteraudiovisualmadrid.es\/wp-content\/uploads\/2024\/09\/Grupo-53.svg","contentUrl":"https:\/\/clusteraudiovisualmadrid.es\/wp-content\/uploads\/2024\/09\/Grupo-53.svg","width":66,"height":66,"caption":"Cluster Madrid"},"image":{"@id":"https:\/\/clusteraudiovisualmadrid.es\/en\/#\/schema\/logo\/image\/"}},{"@type":"Person","@id":"https:\/\/clusteraudiovisualmadrid.es\/en\/#\/schema\/person\/b90fdb31be5535150ffca6b0c5b5f01b","name":"Redacci\u00f3n Cl\u00faster Audiovisual de Madrid","image":{"@type":"ImageObject","inLanguage":"en-US","@id":"https:\/\/secure.gravatar.com\/avatar\/7f3d8b7a5d1a7749a31a9c572fd20d7dc0f10a77d64acd671d1d2bd2d90aeaea?s=96&r=g&d=https:\/\/clusteraudiovisualmadrid.es\/wp-content\/plugins\/userswp\/assets\/images\/no_profile.png","url":"https:\/\/secure.gravatar.com\/avatar\/7f3d8b7a5d1a7749a31a9c572fd20d7dc0f10a77d64acd671d1d2bd2d90aeaea?s=96&r=g&d=https:\/\/clusteraudiovisualmadrid.es\/wp-content\/plugins\/userswp\/assets\/images\/no_profile.png","contentUrl":"https:\/\/secure.gravatar.com\/avatar\/7f3d8b7a5d1a7749a31a9c572fd20d7dc0f10a77d64acd671d1d2bd2d90aeaea?s=96&r=g&d=https:\/\/clusteraudiovisualmadrid.es\/wp-content\/plugins\/userswp\/assets\/images\/no_profile.png","caption":"Redacci\u00f3n Cl\u00faster Audiovisual de Madrid"},"description":"T\u00e9cnico de marketing en Brandominus.","url":"https:\/\/clusteraudiovisualmadrid.es\/profile\/cluster_pablo\/"}]}},"_links":{"self":[{"href":"https:\/\/clusteraudiovisualmadrid.es\/en\/wp-json\/wp\/v2\/posts\/2749","targetHints":{"allow":["GET"]}}],"collection":[{"href":"https:\/\/clusteraudiovisualmadrid.es\/en\/wp-json\/wp\/v2\/posts"}],"about":[{"href":"https:\/\/clusteraudiovisualmadrid.es\/en\/wp-json\/wp\/v2\/types\/post"}],"author":[{"embeddable":true,"href":"https:\/\/clusteraudiovisualmadrid.es\/en\/wp-json\/wp\/v2\/users\/4"}],"replies":[{"embeddable":true,"href":"https:\/\/clusteraudiovisualmadrid.es\/en\/wp-json\/wp\/v2\/comments?post=2749"}],"version-history":[{"count":0,"href":"https:\/\/clusteraudiovisualmadrid.es\/en\/wp-json\/wp\/v2\/posts\/2749\/revisions"}],"wp:featuredmedia":[{"embeddable":true,"href":"https:\/\/clusteraudiovisualmadrid.es\/en\/wp-json\/wp\/v2\/media\/2608"}],"wp:attachment":[{"href":"https:\/\/clusteraudiovisualmadrid.es\/en\/wp-json\/wp\/v2\/media?parent=2749"}],"wp:term":[{"taxonomy":"category","embeddable":true,"href":"https:\/\/clusteraudiovisualmadrid.es\/en\/wp-json\/wp\/v2\/categories?post=2749"},{"taxonomy":"post_tag","embeddable":true,"href":"https:\/\/clusteraudiovisualmadrid.es\/en\/wp-json\/wp\/v2\/tags?post=2749"}],"curies":[{"name":"wp","href":"https:\/\/api.w.org\/{rel}","templated":true}]}}